{"id":1102,"date":"2025-07-07T17:37:14","date_gmt":"2025-07-07T17:37:14","guid":{"rendered":"https:\/\/schuetzenverein-sudendorf-schierloh.de\/?p=1102"},"modified":"2026-02-15T16:04:31","modified_gmt":"2026-02-15T15:04:31","slug":"ferienpass-aktion-beim-schuetzenverein-sudendorf-schierloh","status":"publish","type":"post","link":"https:\/\/schuetzenverein-sudendorf-schierloh.de\/?p=1102","title":{"rendered":"Ferienpass-Aktion beim Sch\u00fctzenverein Sudendorf-Schierloh"},"content":{"rendered":"\n<h2 class=\"wp-block-heading has-large-font-size\">Ferienpass-Aktion beim Sch\u00fctzenverein Sudendorf-Schierloh<\/h2>\n\n\n\n<h2 class=\"wp-block-heading\">Spiel, Spa\u00df und spannende Wettk\u00e4mpfe<\/h2>\n\n\n\n<p>Am Samstag, den 5. Juli, war es endlich so weit: Die Ferien haben begonnen \u2013 und damit auch die beliebten Ferienpass-Aktionen! 19 gut gelaunte Kinder fanden sich am Sch\u00fctzenhaus in Sudendorf ein, um gemeinsam ein Paar abwechslungsreiche und unterhaltsame Stunden zu verbringen.<\/p>\n\n\n\n<p>Das Programm hatte einiges zu bieten: In verschiedenen Disziplinen konnten sich die Kinder messen \u2013 mal im Team, etwa beim Tischkicker, mal in spannenden Einzelwettk\u00e4mpfen wie beim Darten oder nat\u00fcrlich beim Schie\u00dfen. Zwischendurch sorgten Hot-Dogs und S\u00fc\u00dfigkeiten f\u00fcr die n\u00f6tige St\u00e4rkung.<\/p>\n\n\n\n<figure class=\"wp-block-gallery has-nested-images columns-default is-cropped wp-block-gallery-1 is-layout-flex wp-block-gallery-is-layout-flex\">\n<figure class=\"wp-block-image size-large\"><a href=\"https:\/\/schuetzenverein-sudendorf-schierloh.de\/wp-content\/uploads\/2025\/07\/IMG_4495-scaled.jpeg\"><img loading=\"lazy\" decoding=\"async\" width=\"768\" height=\"1024\" data-id=\"1103\" src=\"https:\/\/schuetzenverein-sudendorf-schierloh.de\/wp-content\/uploads\/2025\/07\/IMG_4495-768x1024.jpeg\" alt=\"\" class=\"wp-image-1103\" srcset=\"https:\/\/schuetzenverein-sudendorf-schierloh.de\/wp-content\/uploads\/2025\/07\/IMG_4495-768x1024.jpeg 768w, https:\/\/schuetzenverein-sudendorf-schierloh.de\/wp-content\/uploads\/2025\/07\/IMG_4495-225x300.jpeg 225w, https:\/\/schuetzenverein-sudendorf-schierloh.de\/wp-content\/uploads\/2025\/07\/IMG_4495-1152x1536.jpeg 1152w, https:\/\/schuetzenverein-sudendorf-schierloh.de\/wp-content\/uploads\/2025\/07\/IMG_4495-1536x2048.jpeg 1536w, https:\/\/schuetzenverein-sudendorf-schierloh.de\/wp-content\/uploads\/2025\/07\/IMG_4495-203x270.jpeg 203w, https:\/\/schuetzenverein-sudendorf-schierloh.de\/wp-content\/uploads\/2025\/07\/IMG_4495-scaled.jpeg 1920w\" sizes=\"auto, (max-width: 768px) 100vw, 768px\" \/><\/a><\/figure>\n\n\n\n<figure class=\"wp-block-image size-large\"><a href=\"https:\/\/schuetzenverein-sudendorf-schierloh.de\/wp-content\/uploads\/2025\/07\/IMG_4490-scaled.jpeg\"><img loading=\"lazy\" decoding=\"async\" width=\"768\" height=\"1024\" data-id=\"1104\" src=\"https:\/\/schuetzenverein-sudendorf-schierloh.de\/wp-content\/uploads\/2025\/07\/IMG_4490-768x1024.jpeg\" alt=\"\" class=\"wp-image-1104\" srcset=\"https:\/\/schuetzenverein-sudendorf-schierloh.de\/wp-content\/uploads\/2025\/07\/IMG_4490-768x1024.jpeg 768w, https:\/\/schuetzenverein-sudendorf-schierloh.de\/wp-content\/uploads\/2025\/07\/IMG_4490-225x300.jpeg 225w, https:\/\/schuetzenverein-sudendorf-schierloh.de\/wp-content\/uploads\/2025\/07\/IMG_4490-1152x1536.jpeg 1152w, https:\/\/schuetzenverein-sudendorf-schierloh.de\/wp-content\/uploads\/2025\/07\/IMG_4490-1536x2048.jpeg 1536w, https:\/\/schuetzenverein-sudendorf-schierloh.de\/wp-content\/uploads\/2025\/07\/IMG_4490-203x270.jpeg 203w, https:\/\/schuetzenverein-sudendorf-schierloh.de\/wp-content\/uploads\/2025\/07\/IMG_4490-scaled.jpeg 1920w\" sizes=\"auto, (max-width: 768px) 100vw, 768px\" \/><\/a><\/figure>\n<\/figure>\n\n\n\n<p>Am Ende des Tages standen dann auch die Sieger fest:<\/p>\n\n\n\n<p><img decoding=\"async\" alt=\"&#x1f949;\" src=\"https:\/\/fonts.gstatic.com\/s\/e\/notoemoji\/16.0\/1f949\/32.png\"> 3. Platz: Maximilian Nickel<\/p>\n\n\n\n<p><img decoding=\"async\" alt=\"&#x1f948;\" src=\"https:\/\/fonts.gstatic.com\/s\/e\/notoemoji\/16.0\/1f948\/32.png\"> 2. Platz: Thea Weber<\/p>\n\n\n\n<p><img decoding=\"async\" alt=\"&#x1f947;\" src=\"https:\/\/fonts.gstatic.com\/s\/e\/notoemoji\/16.0\/1f947\/32.png\"> 1. Platz und Turniersieger: Timo Poppe<\/p>\n\n\n\n<p>Doch nicht nur die Gewinner durften sich freuen \u2013 jedes Kind wurde f\u00fcr seine Leistung belohnt und durfte sich einen Preis aussuchen. Besonders begehrt waren dabei die Wasserpistolen, die kurzerhand zu einer spontanen Wasserschlacht im Sch\u00fctzenbusch f\u00fchrten \u2013 ein gelungener Abschluss eines rundum sch\u00f6nen Tages!<\/p>\n\n\n\n<figure class=\"wp-block-image size-large\"><a href=\"https:\/\/schuetzenverein-sudendorf-schierloh.de\/wp-content\/uploads\/2025\/07\/WhatsApp-Image-2025-07-05-at-12.33.33.jpeg\"><img loading=\"lazy\" decoding=\"async\" width=\"1024\" height=\"898\" src=\"https:\/\/schuetzenverein-sudendorf-schierloh.de\/wp-content\/uploads\/2025\/07\/WhatsApp-Image-2025-07-05-at-12.33.33-1024x898.jpeg\" alt=\"\" class=\"wp-image-1105\" srcset=\"https:\/\/schuetzenverein-sudendorf-schierloh.de\/wp-content\/uploads\/2025\/07\/WhatsApp-Image-2025-07-05-at-12.33.33-1024x898.jpeg 1024w, https:\/\/schuetzenverein-sudendorf-schierloh.de\/wp-content\/uploads\/2025\/07\/WhatsApp-Image-2025-07-05-at-12.33.33-300x263.jpeg 300w, https:\/\/schuetzenverein-sudendorf-schierloh.de\/wp-content\/uploads\/2025\/07\/WhatsApp-Image-2025-07-05-at-12.33.33-768x674.jpeg 768w, https:\/\/schuetzenverein-sudendorf-schierloh.de\/wp-content\/uploads\/2025\/07\/WhatsApp-Image-2025-07-05-at-12.33.33-1536x1347.jpeg 1536w, https:\/\/schuetzenverein-sudendorf-schierloh.de\/wp-content\/uploads\/2025\/07\/WhatsApp-Image-2025-07-05-at-12.33.33-308x270.jpeg 308w, https:\/\/schuetzenverein-sudendorf-schierloh.de\/wp-content\/uploads\/2025\/07\/WhatsApp-Image-2025-07-05-at-12.33.33.jpeg 2048w\" sizes=\"auto, (max-width: 1024px) 100vw, 1024px\" \/><\/a><\/figure>\n\n\n\n<p>Ein herzliches Dankesch\u00f6n geht an das engagierte Orga-Team: Detlev Helmich-Weber, Ewald Gro\u00dfe-Kracht und Monika Weber, die diesen Tag mit viel Einsatz und guter Laune m\u00f6glich gemacht haben.<\/p>\n\n\n\n<p>Wir freuen uns schon jetzt auf die n\u00e4chste Ferienpass-Aktion!<\/p>\n","protected":false},"excerpt":{"rendered":"<p>Ferienpass-Aktion beim Sch\u00fctzenverein Sudendorf-Schierloh Spiel, Spa\u00df und spannende Wettk\u00e4mpfe Am Samstag, den 5. Juli, war es endlich so weit: Die Ferien haben begonnen \u2013 und damit auch die beliebten Ferienpass-Aktionen! [&hellip;]<\/p>\n","protected":false},"author":6,"featured_media":418,"comment_status":"open","ping_status":"closed","sticky":false,"template":"","format":"standard","meta":{"ocean_post_layout":"","ocean_both_sidebars_style":"","ocean_both_sidebars_content_width":0,"ocean_both_sidebars_sidebars_width":0,"ocean_sidebar":"","ocean_second_sidebar":"","ocean_disable_margins":"enable","ocean_add_body_class":"","ocean_shortcode_before_top_bar":"","ocean_shortcode_after_top_bar":"","ocean_shortcode_before_header":"","ocean_shortcode_after_header":"","ocean_has_shortcode":"","ocean_shortcode_after_title":"","ocean_shortcode_before_footer_widgets":"","ocean_shortcode_after_footer_widgets":"","ocean_shortcode_before_footer_bottom":"","ocean_shortcode_after_footer_bottom":"","ocean_display_top_bar":"default","ocean_display_header":"default","ocean_header_style":"","ocean_center_header_left_menu":"","ocean_custom_header_template":"","ocean_custom_logo":0,"ocean_custom_retina_logo":0,"ocean_custom_logo_max_width":0,"ocean_custom_logo_tablet_max_width":0,"ocean_custom_logo_mobile_max_width":0,"ocean_custom_logo_max_height":0,"ocean_custom_logo_tablet_max_height":0,"ocean_custom_logo_mobile_max_height":0,"ocean_header_custom_menu":"","ocean_menu_typo_font_family":"","ocean_menu_typo_font_subset":"","ocean_menu_typo_font_size":0,"ocean_menu_typo_font_size_tablet":0,"ocean_menu_typo_font_size_mobile":0,"ocean_menu_typo_font_size_unit":"px","ocean_menu_typo_font_weight":"","ocean_menu_typo_font_weight_tablet":"","ocean_menu_typo_font_weight_mobile":"","ocean_menu_typo_transform":"","ocean_menu_typo_transform_tablet":"","ocean_menu_typo_transform_mobile":"","ocean_menu_typo_line_height":0,"ocean_menu_typo_line_height_tablet":0,"ocean_menu_typo_line_height_mobile":0,"ocean_menu_typo_line_height_unit":"","ocean_menu_typo_spacing":0,"ocean_menu_typo_spacing_tablet":0,"ocean_menu_typo_spacing_mobile":0,"ocean_menu_typo_spacing_unit":"","ocean_menu_link_color":"","ocean_menu_link_color_hover":"","ocean_menu_link_color_active":"","ocean_menu_link_background":"","ocean_menu_link_hover_background":"","ocean_menu_link_active_background":"","ocean_menu_social_links_bg":"","ocean_menu_social_hover_links_bg":"","ocean_menu_social_links_color":"","ocean_menu_social_hover_links_color":"","ocean_disable_title":"default","ocean_disable_heading":"default","ocean_post_title":"","ocean_post_subheading":"","ocean_post_title_style":"","ocean_post_title_background_color":"","ocean_post_title_background":0,"ocean_post_title_bg_image_position":"","ocean_post_title_bg_image_attachment":"","ocean_post_title_bg_image_repeat":"","ocean_post_title_bg_image_size":"","ocean_post_title_height":0,"ocean_post_title_bg_overlay":0.5,"ocean_post_title_bg_overlay_color":"","ocean_disable_breadcrumbs":"default","ocean_breadcrumbs_color":"","ocean_breadcrumbs_separator_color":"","ocean_breadcrumbs_links_color":"","ocean_breadcrumbs_links_hover_color":"","ocean_display_footer_widgets":"default","ocean_display_footer_bottom":"default","ocean_custom_footer_template":"","ocean_post_oembed":"","ocean_post_self_hosted_media":"","ocean_post_video_embed":"","ocean_link_format":"","ocean_link_format_target":"self","ocean_quote_format":"","ocean_quote_format_link":"post","ocean_gallery_link_images":"on","ocean_gallery_id":[],"footnotes":""},"categories":[55,14],"tags":[61,62,4,6,25],"class_list":["post-1102","post","type-post","status-publish","format-standard","has-post-thumbnail","hentry","category-55","category-schiessgruppe","tag-61","tag-ferienspass","tag-schuetzenhaus","tag-sudendorf","tag-sudendorf-schierloh","entry","has-media"],"_links":{"self":[{"href":"https:\/\/schuetzenverein-sudendorf-schierloh.de\/index.php?rest_route=\/wp\/v2\/posts\/1102","targetHints":{"allow":["GET"]}}],"collection":[{"href":"https:\/\/schuetzenverein-sudendorf-schierloh.de\/index.php?rest_route=\/wp\/v2\/posts"}],"about":[{"href":"https:\/\/schuetzenverein-sudendorf-schierloh.de\/index.php?rest_route=\/wp\/v2\/types\/post"}],"author":[{"embeddable":true,"href":"https:\/\/schuetzenverein-sudendorf-schierloh.de\/index.php?rest_route=\/wp\/v2\/users\/6"}],"replies":[{"embeddable":true,"href":"https:\/\/schuetzenverein-sudendorf-schierloh.de\/index.php?rest_route=%2Fwp%2Fv2%2Fcomments&post=1102"}],"version-history":[{"count":2,"href":"https:\/\/schuetzenverein-sudendorf-schierloh.de\/index.php?rest_route=\/wp\/v2\/posts\/1102\/revisions"}],"predecessor-version":[{"id":1590,"href":"https:\/\/schuetzenverein-sudendorf-schierloh.de\/index.php?rest_route=\/wp\/v2\/posts\/1102\/revisions\/1590"}],"wp:featuredmedia":[{"embeddable":true,"href":"https:\/\/schuetzenverein-sudendorf-schierloh.de\/index.php?rest_route=\/wp\/v2\/media\/418"}],"wp:attachment":[{"href":"https:\/\/schuetzenverein-sudendorf-schierloh.de\/index.php?rest_route=%2Fwp%2Fv2%2Fmedia&parent=1102"}],"wp:term":[{"taxonomy":"category","embeddable":true,"href":"https:\/\/schuetzenverein-sudendorf-schierloh.de\/index.php?rest_route=%2Fwp%2Fv2%2Fcategories&post=1102"},{"taxonomy":"post_tag","embeddable":true,"href":"https:\/\/schuetzenverein-sudendorf-schierloh.de\/index.php?rest_route=%2Fwp%2Fv2%2Ftags&post=1102"}],"curies":[{"name":"wp","href":"https:\/\/api.w.org\/{rel}","templated":true}]}}