{"id":126,"date":"2019-05-12T13:11:02","date_gmt":"2019-05-12T13:11:02","guid":{"rendered":"http:\/\/schuetzenverein-sudendorf-schierloh.de\/?p=126"},"modified":"2023-01-24T15:00:45","modified_gmt":"2023-01-24T15:00:45","slug":"vereinsinternes-pokalschiessen-2019-und-jahreswertung-der-schiessgruppe","status":"publish","type":"post","link":"https:\/\/schuetzenverein-sudendorf-schierloh.de\/?p=126","title":{"rendered":"Vereinsinternes Pokalschie\u00dfen 2019 und Jahreswertung der Schie\u00dfgruppe"},"content":{"rendered":"\n<figure class=\"wp-block-image\"><img loading=\"lazy\" decoding=\"async\" width=\"1024\" height=\"681\" src=\"https:\/\/schuetzenverein-sudendorf-schierloh.de\/wp-content\/uploads\/2019\/05\/IMG-20190416-WA0000-1024x681.jpg\" alt=\"\" class=\"wp-image-129\" srcset=\"https:\/\/schuetzenverein-sudendorf-schierloh.de\/wp-content\/uploads\/2019\/05\/IMG-20190416-WA0000-1024x681.jpg 1024w, https:\/\/schuetzenverein-sudendorf-schierloh.de\/wp-content\/uploads\/2019\/05\/IMG-20190416-WA0000-300x200.jpg 300w, https:\/\/schuetzenverein-sudendorf-schierloh.de\/wp-content\/uploads\/2019\/05\/IMG-20190416-WA0000-768x511.jpg 768w, https:\/\/schuetzenverein-sudendorf-schierloh.de\/wp-content\/uploads\/2019\/05\/IMG-20190416-WA0000-406x270.jpg 406w, https:\/\/schuetzenverein-sudendorf-schierloh.de\/wp-content\/uploads\/2019\/05\/IMG-20190416-WA0000.jpg 1600w\" sizes=\"auto, (max-width: 1024px) 100vw, 1024px\" \/><\/figure>\n\n\n\n<p>Das\nvereinsinterne Pokalschie\u00dfen findet jeweils an den ersten Sonntagen der Monate\nFebruar, M\u00e4rz und April statt. Die Ergebnisse aus 2019 sind:<\/p>\n\n\n\n<figure class=\"wp-block-table\"><table><tbody><tr><td>\n  <strong>Sch\u00fctzen\n  KK<\/strong>\n  <\/td><\/tr><tr><td>\n  1. Platz\n  <\/td><td>\n  Ewald Gro\u00dfe Kacht\n  <\/td><td>\n  51,7\n  <\/td><\/tr><tr><td>\n  2. Platz\n  <\/td><td>\n  Christian K\u00fcnne\n  <\/td><td>\n  51,1\n  <\/td><\/tr><tr><td>\n  3. Platz\n  <\/td><td>\n  Frank Inkrot\n  <\/td><td>\n  50,3\n  <\/td><\/tr><tr><td>\n  <strong>Sch\u00fcler\/Jugend<\/strong>\n  <\/td><\/tr><tr><td>\n  1. Platz\n  <\/td><td>\n  Lina Hagedorn\n  <\/td><td>\n  100\n  <\/td><\/tr><tr><td>\n  2. Platz\n  <\/td><td>\n  Vinzenz Puke\n  <\/td><td>\n  88\n  <\/td><\/tr><tr><td>\n  <strong>Gl\u00fccksscheibe<\/strong>\n  <\/td><\/tr><tr><td>\n  1. Platz\n  <\/td><td>\n  Rudolf Ziegert\n  <\/td><td>\n  82\n  <\/td><\/tr><tr><td>\n  2. Platz\n  <\/td><td>\n  Bernd Schr\u00e4der\n  <\/td><td>\n  79\n  <\/td><\/tr><tr><td>\n  3. Platz\n  <\/td><td>\n  Thorsten Schl\u00f6rmann\n  <\/td><td>\n  78\n  <\/td><\/tr><\/tbody><\/table><\/figure>\n\n\n\n<p>Zudem wurden\ndie Ergebnisse des Wanderpokalschie\u00dfens und der Jahreswertung der Schie\u00dfgruppe\naus 2018 bekannt gegeben. Hier durften folgende Vereinsmitglieder \u00fcber Preise\nfreuen:<\/p>\n\n\n\n<h4 class=\"wp-block-heading\">Wanderpokalschie\u00dfen<\/h4>\n\n\n\n<p>Sch\u00fcler Luftgewehr 10 Schuss Auflage<\/p>\n\n\n\n<figure class=\"wp-block-table\"><table><tbody><tr><td>1. Platz<\/td><td>Britta Wiebusch<\/td><td>98<\/td><\/tr><tr><td>2. Platz<\/td><td>Henrieke Riese<\/td><td>95<\/td><\/tr><tr><td>3. Platz<\/td><td>Marie Krause<\/td><td>91<\/td><\/tr><\/tbody><\/table><\/figure>\n\n\n\n<p>Jugend Luftgewehr 10 Schuss Freihand<\/p>\n\n\n\n<figure class=\"wp-block-table\"><table><tbody><tr><td>1. Platz<\/td><td>Lina Hagedorn<\/td><td>68<\/td><\/tr><tr><td>2. Platz<\/td><td>Antonia Wiebusch<\/td><td>57<\/td><\/tr><tr><td>3. Platz<\/td><td>Sebastian Walgern<\/td><td>49<\/td><\/tr><\/tbody><\/table><\/figure>\n\n\n\n<p>Sch\u00fctzen KK 10 Schuss Auflage<\/p>\n\n\n\n<figure class=\"wp-block-table\"><table><tbody><tr><td>1. Platz<\/td><td>Frank Inkrot<\/td><td>95, 9 (Stecher 46,9)<\/td><\/tr><tr><td>2. Platz<\/td><td>Simon Schr\u00e4der<\/td><td>95,9 (Stecher 44,4)<\/td><\/tr><tr><td>3. Platz<\/td><td>Christian K\u00fcnne<\/td><td>94,8<\/td><\/tr><\/tbody><\/table><\/figure>\n\n\n\n<h4 class=\"wp-block-heading\">Dirk Br\u00fcggemann-Ged\u00e4chtnis-Pokal<\/h4>\n\n\n\n<figure class=\"wp-block-table\"><table><tbody><tr><td>      <\/td><td>Lina Hagedorn<\/td><td>97<\/td><\/tr><\/tbody><\/table><\/figure>\n\n\n\n<figure class=\"wp-block-image\"><img loading=\"lazy\" decoding=\"async\" width=\"1024\" height=\"681\" src=\"https:\/\/schuetzenverein-sudendorf-schierloh.de\/wp-content\/uploads\/2019\/05\/Vereinsinternes-Pokalschie\u00dfen-1024x681.jpg\" alt=\"\" class=\"wp-image-127\" srcset=\"https:\/\/schuetzenverein-sudendorf-schierloh.de\/wp-content\/uploads\/2019\/05\/Vereinsinternes-Pokalschie\u00dfen-1024x681.jpg 1024w, https:\/\/schuetzenverein-sudendorf-schierloh.de\/wp-content\/uploads\/2019\/05\/Vereinsinternes-Pokalschie\u00dfen-300x200.jpg 300w, https:\/\/schuetzenverein-sudendorf-schierloh.de\/wp-content\/uploads\/2019\/05\/Vereinsinternes-Pokalschie\u00dfen-768x511.jpg 768w, https:\/\/schuetzenverein-sudendorf-schierloh.de\/wp-content\/uploads\/2019\/05\/Vereinsinternes-Pokalschie\u00dfen-406x270.jpg 406w, https:\/\/schuetzenverein-sudendorf-schierloh.de\/wp-content\/uploads\/2019\/05\/Vereinsinternes-Pokalschie\u00dfen.jpg 1600w\" sizes=\"auto, (max-width: 1024px) 100vw, 1024px\" \/><\/figure>\n\n\n\n<h4 class=\"wp-block-heading\">Jahreswertung<\/h4>\n\n\n\n<figure class=\"wp-block-table\"><table><tbody><tr><td>Sch\u00fclerklasse<\/td><td><\/td><td><\/td><\/tr><tr><td><\/td><td>Britta Wiebusch<\/td><td>1429<\/td><\/tr><tr><td><\/td><td>Henrieke Riese<\/td><td>1409<\/td><\/tr><\/tbody><\/table><\/figure>\n\n\n\n<figure class=\"wp-block-table\"><table><tbody><tr><td>Jugendklasse<\/td><td><\/td><td><\/td><\/tr><tr><td><\/td><td>Antonia Wiebusch<\/td><td>1459<\/td><\/tr><tr><td><\/td><td>Lina Hagedorn<\/td><td>1458<\/td><\/tr><tr><td><\/td><td>Sebastian Walgern<\/td><td>1384<\/td><\/tr><tr><td><\/td><td>Vinzenz Puke<\/td><td>1305<\/td><\/tr><\/tbody><\/table><\/figure>\n\n\n\n<p><\/p>\n","protected":false},"excerpt":{"rendered":"<p>Das vereinsinterne Pokalschie\u00dfen findet jeweils an den ersten Sonntagen der Monate Februar, M\u00e4rz und April statt. Die Ergebnisse aus 2019 sind: Sch\u00fctzen KK 1. Platz Ewald Gro\u00dfe Kacht 51,7 2. [&hellip;]<\/p>\n","protected":false},"author":1,"featured_media":418,"comment_status":"open","ping_status":"closed","sticky":false,"template":"","format":"standard","meta":{"ocean_post_layout":"","ocean_both_sidebars_style":"","ocean_both_sidebars_content_width":0,"ocean_both_sidebars_sidebars_width":0,"ocean_sidebar":"","ocean_second_sidebar":"","ocean_disable_margins":"enable","ocean_add_body_class":"","ocean_shortcode_before_top_bar":"","ocean_shortcode_after_top_bar":"","ocean_shortcode_before_header":"","ocean_shortcode_after_header":"","ocean_has_shortcode":"","ocean_shortcode_after_title":"","ocean_shortcode_before_footer_widgets":"","ocean_shortcode_after_footer_widgets":"","ocean_shortcode_before_footer_bottom":"","ocean_shortcode_after_footer_bottom":"","ocean_display_top_bar":"default","ocean_display_header":"default","ocean_header_style":"","ocean_center_header_left_menu":"","ocean_custom_header_template":"","ocean_custom_logo":0,"ocean_custom_retina_logo":0,"ocean_custom_logo_max_width":0,"ocean_custom_logo_tablet_max_width":0,"ocean_custom_logo_mobile_max_width":0,"ocean_custom_logo_max_height":0,"ocean_custom_logo_tablet_max_height":0,"ocean_custom_logo_mobile_max_height":0,"ocean_header_custom_menu":"","ocean_menu_typo_font_family":"","ocean_menu_typo_font_subset":"","ocean_menu_typo_font_size":0,"ocean_menu_typo_font_size_tablet":0,"ocean_menu_typo_font_size_mobile":0,"ocean_menu_typo_font_size_unit":"px","ocean_menu_typo_font_weight":"","ocean_menu_typo_font_weight_tablet":"","ocean_menu_typo_font_weight_mobile":"","ocean_menu_typo_transform":"","ocean_menu_typo_transform_tablet":"","ocean_menu_typo_transform_mobile":"","ocean_menu_typo_line_height":0,"ocean_menu_typo_line_height_tablet":0,"ocean_menu_typo_line_height_mobile":0,"ocean_menu_typo_line_height_unit":"","ocean_menu_typo_spacing":0,"ocean_menu_typo_spacing_tablet":0,"ocean_menu_typo_spacing_mobile":0,"ocean_menu_typo_spacing_unit":"","ocean_menu_link_color":"","ocean_menu_link_color_hover":"","ocean_menu_link_color_active":"","ocean_menu_link_background":"","ocean_menu_link_hover_background":"","ocean_menu_link_active_background":"","ocean_menu_social_links_bg":"","ocean_menu_social_hover_links_bg":"","ocean_menu_social_links_color":"","ocean_menu_social_hover_links_color":"","ocean_disable_title":"default","ocean_disable_heading":"default","ocean_post_title":"","ocean_post_subheading":"","ocean_post_title_style":"","ocean_post_title_background_color":"","ocean_post_title_background":0,"ocean_post_title_bg_image_position":"","ocean_post_title_bg_image_attachment":"","ocean_post_title_bg_image_repeat":"","ocean_post_title_bg_image_size":"","ocean_post_title_height":0,"ocean_post_title_bg_overlay":0.5,"ocean_post_title_bg_overlay_color":"","ocean_disable_breadcrumbs":"default","ocean_breadcrumbs_color":"","ocean_breadcrumbs_separator_color":"","ocean_breadcrumbs_links_color":"","ocean_breadcrumbs_links_hover_color":"","ocean_display_footer_widgets":"default","ocean_display_footer_bottom":"default","ocean_custom_footer_template":"","ocean_post_oembed":"","ocean_post_self_hosted_media":"","ocean_post_video_embed":"","ocean_link_format":"","ocean_link_format_target":"self","ocean_quote_format":"","ocean_quote_format_link":"post","ocean_gallery_link_images":"on","ocean_gallery_id":[],"footnotes":""},"categories":[7,32,14],"tags":[],"class_list":["post-126","post","type-post","status-publish","format-standard","has-post-thumbnail","hentry","category-7","category-32","category-schiessgruppe","entry","has-media"],"_links":{"self":[{"href":"https:\/\/schuetzenverein-sudendorf-schierloh.de\/index.php?rest_route=\/wp\/v2\/posts\/126","targetHints":{"allow":["GET"]}}],"collection":[{"href":"https:\/\/schuetzenverein-sudendorf-schierloh.de\/index.php?rest_route=\/wp\/v2\/posts"}],"about":[{"href":"https:\/\/schuetzenverein-sudendorf-schierloh.de\/index.php?rest_route=\/wp\/v2\/types\/post"}],"author":[{"embeddable":true,"href":"https:\/\/schuetzenverein-sudendorf-schierloh.de\/index.php?rest_route=\/wp\/v2\/users\/1"}],"replies":[{"embeddable":true,"href":"https:\/\/schuetzenverein-sudendorf-schierloh.de\/index.php?rest_route=%2Fwp%2Fv2%2Fcomments&post=126"}],"version-history":[{"count":3,"href":"https:\/\/schuetzenverein-sudendorf-schierloh.de\/index.php?rest_route=\/wp\/v2\/posts\/126\/revisions"}],"predecessor-version":[{"id":420,"href":"https:\/\/schuetzenverein-sudendorf-schierloh.de\/index.php?rest_route=\/wp\/v2\/posts\/126\/revisions\/420"}],"wp:featuredmedia":[{"embeddable":true,"href":"https:\/\/schuetzenverein-sudendorf-schierloh.de\/index.php?rest_route=\/wp\/v2\/media\/418"}],"wp:attachment":[{"href":"https:\/\/schuetzenverein-sudendorf-schierloh.de\/index.php?rest_route=%2Fwp%2Fv2%2Fmedia&parent=126"}],"wp:term":[{"taxonomy":"category","embeddable":true,"href":"https:\/\/schuetzenverein-sudendorf-schierloh.de\/index.php?rest_route=%2Fwp%2Fv2%2Fcategories&post=126"},{"taxonomy":"post_tag","embeddable":true,"href":"https:\/\/schuetzenverein-sudendorf-schierloh.de\/index.php?rest_route=%2Fwp%2Fv2%2Ftags&post=126"}],"curies":[{"name":"wp","href":"https:\/\/api.w.org\/{rel}","templated":true}]}}