{"id":1538,"date":"2025-12-07T20:28:00","date_gmt":"2025-12-07T19:28:00","guid":{"rendered":"https:\/\/schuetzenverein-sudendorf-schierloh.de\/?p=1538"},"modified":"2026-02-15T15:23:02","modified_gmt":"2026-02-15T14:23:02","slug":"ein-grosses-dankeschoen-fuer-die-unterstuetzung-in-diesem-jahr","status":"publish","type":"post","link":"https:\/\/schuetzenverein-sudendorf-schierloh.de\/?p=1538","title":{"rendered":"Ein gro\u00dfes Dankesch\u00f6n f\u00fcr die Unterst\u00fctzung in diesem Jahr"},"content":{"rendered":"\n<h2 class=\"wp-block-heading has-large-font-size\">Ein gro\u00dfes Dankesch\u00f6n f\u00fcr die Unterst\u00fctzung in diesem Jahr<\/h2>\n\n\n\n<p>Am ersten Samstag im Dezember findet allj\u00e4hrlich die gro\u00dfe Helferfeier statt. In diesem Jahr war diese Feier etwas Besonderes. Der Luftwehrstand wurde umgebaut, das Kreissch\u00fctzenfest wurde organisiert und die Schie\u00dfsportwochen wurden in unserem Haus durchgef\u00fchrt. Dies alles, sowie die zahlreichen \u201eallt\u00e4glichen Aktionen\u201c w\u00fcrden nicht funktionieren, wenn nicht zahlreiche Personen hier tatkr\u00e4ftig unterst\u00fctzen w\u00fcrden. Und genau diesen Personen galt am 06.12.2025 der Dank. Es war ein runder Abend, mit guten Gespr\u00e4chen und viel Spa\u00df, lecker Bierchen und Steakbr\u00f6tchen. Danke nochmals an alle Ehrenamtlichen, die unser Jubil\u00e4umsjahr mitgestaltet haben.<\/p>\n\n\n\n<p>An diesem Abend wird traditionell der Anton-Recker-Ged\u00e4chtnispokal unter den Vorstandmitgliedern ausgeschossen. Mit einem Ergebnis von 96,9 Ringen ging der Pokal in diesem Jahr an Reiner Toppheide.<\/p>\n\n\n<div class=\"wp-block-image\">\n<figure class=\"aligncenter size-large is-resized\"><img loading=\"lazy\" decoding=\"async\" width=\"1024\" height=\"768\" src=\"https:\/\/schuetzenverein-sudendorf-schierloh.de\/wp-content\/uploads\/2026\/02\/Anton-Recker-Pokal-1024x768.jpg\" alt=\"\" class=\"wp-image-1539\" style=\"width:492px;height:auto\" srcset=\"https:\/\/schuetzenverein-sudendorf-schierloh.de\/wp-content\/uploads\/2026\/02\/Anton-Recker-Pokal-1024x768.jpg 1024w, https:\/\/schuetzenverein-sudendorf-schierloh.de\/wp-content\/uploads\/2026\/02\/Anton-Recker-Pokal-300x225.jpg 300w, https:\/\/schuetzenverein-sudendorf-schierloh.de\/wp-content\/uploads\/2026\/02\/Anton-Recker-Pokal-768x576.jpg 768w, https:\/\/schuetzenverein-sudendorf-schierloh.de\/wp-content\/uploads\/2026\/02\/Anton-Recker-Pokal-1536x1152.jpg 1536w, https:\/\/schuetzenverein-sudendorf-schierloh.de\/wp-content\/uploads\/2026\/02\/Anton-Recker-Pokal-2048x1536.jpg 2048w\" sizes=\"auto, (max-width: 1024px) 100vw, 1024px\" \/><\/figure>\n<\/div>\n\n\n<p>Ein ebenfalls traditioneller Brauch, fand nach dem Essen statt. Der amtierende Kaiser Rudi I. und seine Kaiserin Meggi durften ihre Plakette an der K\u00f6nigstafel Tafel \u00a0anbringen und sich somit hier verewigen.<\/p>\n\n\n<div class=\"wp-block-image\">\n<figure class=\"aligncenter size-large is-resized\"><img loading=\"lazy\" decoding=\"async\" width=\"1024\" height=\"885\" src=\"https:\/\/schuetzenverein-sudendorf-schierloh.de\/wp-content\/uploads\/2026\/02\/Kaiser-Plakette-1024x885.jpg\" alt=\"\" class=\"wp-image-1540\" style=\"aspect-ratio:1.1566513909507519;width:426px;height:auto\" srcset=\"https:\/\/schuetzenverein-sudendorf-schierloh.de\/wp-content\/uploads\/2026\/02\/Kaiser-Plakette-1024x885.jpg 1024w, https:\/\/schuetzenverein-sudendorf-schierloh.de\/wp-content\/uploads\/2026\/02\/Kaiser-Plakette-300x259.jpg 300w, https:\/\/schuetzenverein-sudendorf-schierloh.de\/wp-content\/uploads\/2026\/02\/Kaiser-Plakette-768x664.jpg 768w, https:\/\/schuetzenverein-sudendorf-schierloh.de\/wp-content\/uploads\/2026\/02\/Kaiser-Plakette-1536x1328.jpg 1536w, https:\/\/schuetzenverein-sudendorf-schierloh.de\/wp-content\/uploads\/2026\/02\/Kaiser-Plakette-2048x1771.jpg 2048w\" sizes=\"auto, (max-width: 1024px) 100vw, 1024px\" \/><\/figure>\n<\/div>\n\n\n<p>Eine \u00dcberraschung hatte unser \u201eVereinstischler Wilfried Gausmann\u201c noch parat. Er \u00fcberreichte unserem Pr\u00e4sidenten eine eigens angefertigte Vitrine, in der zuk\u00fcnftig die Ehrenplaketten, die unser Verein zu seinem Jubil\u00e4um und zur Ausrichtung des Kreissch\u00fctzenfestes erhalten hat, ausgestellt werden.<\/p>\n\n\n<div class=\"wp-block-image\">\n<figure class=\"aligncenter size-large is-resized\"><img loading=\"lazy\" decoding=\"async\" width=\"1024\" height=\"768\" src=\"https:\/\/schuetzenverein-sudendorf-schierloh.de\/wp-content\/uploads\/2026\/02\/Willy-Gausmann-1024x768.jpg\" alt=\"\" class=\"wp-image-1541\" style=\"width:433px;height:auto\" srcset=\"https:\/\/schuetzenverein-sudendorf-schierloh.de\/wp-content\/uploads\/2026\/02\/Willy-Gausmann-1024x768.jpg 1024w, https:\/\/schuetzenverein-sudendorf-schierloh.de\/wp-content\/uploads\/2026\/02\/Willy-Gausmann-300x225.jpg 300w, https:\/\/schuetzenverein-sudendorf-schierloh.de\/wp-content\/uploads\/2026\/02\/Willy-Gausmann-768x576.jpg 768w, https:\/\/schuetzenverein-sudendorf-schierloh.de\/wp-content\/uploads\/2026\/02\/Willy-Gausmann-1536x1152.jpg 1536w, https:\/\/schuetzenverein-sudendorf-schierloh.de\/wp-content\/uploads\/2026\/02\/Willy-Gausmann-2048x1536.jpg 2048w\" sizes=\"auto, (max-width: 1024px) 100vw, 1024px\" \/><\/figure>\n<\/div>","protected":false},"excerpt":{"rendered":"<p>Ein gro\u00dfes Dankesch\u00f6n f\u00fcr die Unterst\u00fctzung in diesem Jahr Am ersten Samstag im Dezember findet allj\u00e4hrlich die gro\u00dfe Helferfeier statt. In diesem Jahr war diese Feier etwas Besonderes. Der Luftwehrstand [&hellip;]<\/p>\n","protected":false},"author":6,"featured_media":0,"comment_status":"open","ping_status":"closed","sticky":false,"template":"","format":"standard","meta":{"ocean_post_layout":"","ocean_both_sidebars_style":"","ocean_both_sidebars_content_width":0,"ocean_both_sidebars_sidebars_width":0,"ocean_sidebar":"","ocean_second_sidebar":"","ocean_disable_margins":"enable","ocean_add_body_class":"","ocean_shortcode_before_top_bar":"","ocean_shortcode_after_top_bar":"","ocean_shortcode_before_header":"","ocean_shortcode_after_header":"","ocean_has_shortcode":"","ocean_shortcode_after_title":"","ocean_shortcode_before_footer_widgets":"","ocean_shortcode_after_footer_widgets":"","ocean_shortcode_before_footer_bottom":"","ocean_shortcode_after_footer_bottom":"","ocean_display_top_bar":"default","ocean_display_header":"default","ocean_header_style":"","ocean_center_header_left_menu":"","ocean_custom_header_template":"","ocean_custom_logo":0,"ocean_custom_retina_logo":0,"ocean_custom_logo_max_width":0,"ocean_custom_logo_tablet_max_width":0,"ocean_custom_logo_mobile_max_width":0,"ocean_custom_logo_max_height":0,"ocean_custom_logo_tablet_max_height":0,"ocean_custom_logo_mobile_max_height":0,"ocean_header_custom_menu":"","ocean_menu_typo_font_family":"","ocean_menu_typo_font_subset":"","ocean_menu_typo_font_size":0,"ocean_menu_typo_font_size_tablet":0,"ocean_menu_typo_font_size_mobile":0,"ocean_menu_typo_font_size_unit":"px","ocean_menu_typo_font_weight":"","ocean_menu_typo_font_weight_tablet":"","ocean_menu_typo_font_weight_mobile":"","ocean_menu_typo_transform":"","ocean_menu_typo_transform_tablet":"","ocean_menu_typo_transform_mobile":"","ocean_menu_typo_line_height":0,"ocean_menu_typo_line_height_tablet":0,"ocean_menu_typo_line_height_mobile":0,"ocean_menu_typo_line_height_unit":"","ocean_menu_typo_spacing":0,"ocean_menu_typo_spacing_tablet":0,"ocean_menu_typo_spacing_mobile":0,"ocean_menu_typo_spacing_unit":"","ocean_menu_link_color":"","ocean_menu_link_color_hover":"","ocean_menu_link_color_active":"","ocean_menu_link_background":"","ocean_menu_link_hover_background":"","ocean_menu_link_active_background":"","ocean_menu_social_links_bg":"","ocean_menu_social_hover_links_bg":"","ocean_menu_social_links_color":"","ocean_menu_social_hover_links_color":"","ocean_disable_title":"default","ocean_disable_heading":"default","ocean_post_title":"","ocean_post_subheading":"","ocean_post_title_style":"","ocean_post_title_background_color":"","ocean_post_title_background":0,"ocean_post_title_bg_image_position":"","ocean_post_title_bg_image_attachment":"","ocean_post_title_bg_image_repeat":"","ocean_post_title_bg_image_size":"","ocean_post_title_height":0,"ocean_post_title_bg_overlay":0.5,"ocean_post_title_bg_overlay_color":"","ocean_disable_breadcrumbs":"default","ocean_breadcrumbs_color":"","ocean_breadcrumbs_separator_color":"","ocean_breadcrumbs_links_color":"","ocean_breadcrumbs_links_hover_color":"","ocean_display_footer_widgets":"default","ocean_display_footer_bottom":"default","ocean_custom_footer_template":"","ocean_post_oembed":"","ocean_post_self_hosted_media":"","ocean_post_video_embed":"","ocean_link_format":"","ocean_link_format_target":"self","ocean_quote_format":"","ocean_quote_format_link":"post","ocean_gallery_link_images":"on","ocean_gallery_id":[],"footnotes":""},"categories":[55],"tags":[],"class_list":["post-1538","post","type-post","status-publish","format-standard","hentry","category-55","entry"],"_links":{"self":[{"href":"https:\/\/schuetzenverein-sudendorf-schierloh.de\/index.php?rest_route=\/wp\/v2\/posts\/1538","targetHints":{"allow":["GET"]}}],"collection":[{"href":"https:\/\/schuetzenverein-sudendorf-schierloh.de\/index.php?rest_route=\/wp\/v2\/posts"}],"about":[{"href":"https:\/\/schuetzenverein-sudendorf-schierloh.de\/index.php?rest_route=\/wp\/v2\/types\/post"}],"author":[{"embeddable":true,"href":"https:\/\/schuetzenverein-sudendorf-schierloh.de\/index.php?rest_route=\/wp\/v2\/users\/6"}],"replies":[{"embeddable":true,"href":"https:\/\/schuetzenverein-sudendorf-schierloh.de\/index.php?rest_route=%2Fwp%2Fv2%2Fcomments&post=1538"}],"version-history":[{"count":3,"href":"https:\/\/schuetzenverein-sudendorf-schierloh.de\/index.php?rest_route=\/wp\/v2\/posts\/1538\/revisions"}],"predecessor-version":[{"id":1582,"href":"https:\/\/schuetzenverein-sudendorf-schierloh.de\/index.php?rest_route=\/wp\/v2\/posts\/1538\/revisions\/1582"}],"wp:attachment":[{"href":"https:\/\/schuetzenverein-sudendorf-schierloh.de\/index.php?rest_route=%2Fwp%2Fv2%2Fmedia&parent=1538"}],"wp:term":[{"taxonomy":"category","embeddable":true,"href":"https:\/\/schuetzenverein-sudendorf-schierloh.de\/index.php?rest_route=%2Fwp%2Fv2%2Fcategories&post=1538"},{"taxonomy":"post_tag","embeddable":true,"href":"https:\/\/schuetzenverein-sudendorf-schierloh.de\/index.php?rest_route=%2Fwp%2Fv2%2Ftags&post=1538"}],"curies":[{"name":"wp","href":"https:\/\/api.w.org\/{rel}","templated":true}]}}