{"id":1611,"date":"2026-01-10T18:46:08","date_gmt":"2026-01-10T17:46:08","guid":{"rendered":"https:\/\/schuetzenverein-sudendorf-schierloh.de\/?p=1611"},"modified":"2026-02-15T18:51:19","modified_gmt":"2026-02-15T17:51:19","slug":"generalversammlung-der-schiessgruppe-2","status":"publish","type":"post","link":"https:\/\/schuetzenverein-sudendorf-schierloh.de\/?p=1611","title":{"rendered":"Generalversammlung der Schie\u00dfgruppe"},"content":{"rendered":"\n<h2 class=\"wp-block-heading has-large-font-size\">Generalversammlung der Schie\u00dfgruppe<\/h2>\n\n\n\n<h2 class=\"wp-block-heading\">Jahresr\u00fcckblick 2025 \u2013 Schie\u00dfgruppe Sudendorf <\/h2>\n\n\n\n<p>Das Jahr 2025 begann f\u00fcr unsere Schie\u00dfgruppe mit der Renovierung des Luftgewehrstandes \u2013 ein gro\u00dfer Schritt f\u00fcr die zuk\u00fcnftige Jugendarbeit. Beim Fr\u00fchschoppen im April wurde der neue Stand feierlich eingeweiht. <br>Vielen Dank an alle Helferinnen und Helfer!<\/p>\n\n\n\n<p><strong>Unsere Sch\u00fclerinnen und Sch\u00fcler waren sportlich erfolgreich:<\/strong><br>Felix Versmold gewann die Rundenwettk\u00e4mpfe mit 203,3 Ringen. Beim Solepokal in Bad Rothenfelde erreichte unsere Mannschaft den 2. Platz (398,3 Ringe). Auch beim Vereinspokal und Supercup-Schie\u00dfen konnten gute Platzierungen erzielt werden.<br>Bei der Jugendschie\u00dfsportwoche in M\u00fcschen belegten unter anderem Lina Gro\u00dfe Brockmann, Ole Inkrot und Moritz Versmold jeweils den 1. Platz \u2013 ein starkes Zeichen f\u00fcr unsere Jugendarbeit.<br>Ein H\u00f6hepunkt des Jahres war das Kreispokalschie\u00dfen, das wir erfolgreich in Sudendorf ausrichten durften. Christian K\u00fcnne kam unter die besten 6 von 115 Sch\u00fctzen; die Mannschaft belegte Rang 6 von 29. Stefan Koch gewann den Werner-W\u00f6lfe-Sportleiterpokal mit 98 Ringen \u2013 erstmals ging dieser Titel nach Sudendorf!<br>Beim Hampelmann-K\u00f6nig-Schie\u00dfen setzte sich Leonie Kaperschmidt durch und wurde neue Hampelmann-K\u00f6nigin.<\/p>\n\n\n\n<p>Auch auf Kreis- und Bezirksebene konnten beachtliche Ergebnisse erzielt werden:<br>Felix Versmold, Ole Inkrot und Sara K\u00fcnne erreichten Podestpl\u00e4tze bei den Bezirksmeisterschaften. Besonders beeindruckend war, dass in der Klasse Sch\u00fcler m\u00e4nnlich alle Medaillen nach Sudendorf gingen!<\/p>\n\n\n\n<p>Bei den Rundenwettk\u00e4mpfen, dem sportlichen Highlight des Jahres, k\u00e4mpfte sich unsere 1. Mannschaft (K\u00fcnne, Inkrot, Havermann, Koch) bis ins Finale, musste sich dort aber erneut Bad Rothenfelde geschlagen geben. In der Sch\u00fctzenklasse wurde Stefan Koch starker Zweiter.<\/p>\n\n\n\n<p>Ein besonderer Dank gilt Ewald Gro\u00dfe Kracht f\u00fcr seine engagierte Jugendarbeit sowie Theresia Merten f\u00fcr den Aufbau der Damengruppe.<\/p>\n\n\n\n<p>Beim Gruppenschie\u00dfen siegte schlie\u00dflich die Mannschaft um Ewald Gro\u00dfe Kracht \u2013 ein gelungener Abschluss eines erfolgreichen Jahres!<\/p>\n\n\n\n<p>Horrido \u2013 auf ein starkes Sch\u00fctzenjahr 2026!<\/p>\n","protected":false},"excerpt":{"rendered":"<p>Generalversammlung der Schie\u00dfgruppe Jahresr\u00fcckblick 2025 \u2013 Schie\u00dfgruppe Sudendorf Das Jahr 2025 begann f\u00fcr unsere Schie\u00dfgruppe mit der Renovierung des Luftgewehrstandes \u2013 ein gro\u00dfer Schritt f\u00fcr die zuk\u00fcnftige Jugendarbeit. Beim Fr\u00fchschoppen [&hellip;]<\/p>\n","protected":false},"author":6,"featured_media":418,"comment_status":"open","ping_status":"closed","sticky":false,"template":"","format":"standard","meta":{"ocean_post_layout":"","ocean_both_sidebars_style":"","ocean_both_sidebars_content_width":0,"ocean_both_sidebars_sidebars_width":0,"ocean_sidebar":"","ocean_second_sidebar":"","ocean_disable_margins":"enable","ocean_add_body_class":"","ocean_shortcode_before_top_bar":"","ocean_shortcode_after_top_bar":"","ocean_shortcode_before_header":"","ocean_shortcode_after_header":"","ocean_has_shortcode":"","ocean_shortcode_after_title":"","ocean_shortcode_before_footer_widgets":"","ocean_shortcode_after_footer_widgets":"","ocean_shortcode_before_footer_bottom":"","ocean_shortcode_after_footer_bottom":"","ocean_display_top_bar":"default","ocean_display_header":"default","ocean_header_style":"","ocean_center_header_left_menu":"","ocean_custom_header_template":"","ocean_custom_logo":0,"ocean_custom_retina_logo":0,"ocean_custom_logo_max_width":0,"ocean_custom_logo_tablet_max_width":0,"ocean_custom_logo_mobile_max_width":0,"ocean_custom_logo_max_height":0,"ocean_custom_logo_tablet_max_height":0,"ocean_custom_logo_mobile_max_height":0,"ocean_header_custom_menu":"","ocean_menu_typo_font_family":"","ocean_menu_typo_font_subset":"","ocean_menu_typo_font_size":0,"ocean_menu_typo_font_size_tablet":0,"ocean_menu_typo_font_size_mobile":0,"ocean_menu_typo_font_size_unit":"px","ocean_menu_typo_font_weight":"","ocean_menu_typo_font_weight_tablet":"","ocean_menu_typo_font_weight_mobile":"","ocean_menu_typo_transform":"","ocean_menu_typo_transform_tablet":"","ocean_menu_typo_transform_mobile":"","ocean_menu_typo_line_height":0,"ocean_menu_typo_line_height_tablet":0,"ocean_menu_typo_line_height_mobile":0,"ocean_menu_typo_line_height_unit":"","ocean_menu_typo_spacing":0,"ocean_menu_typo_spacing_tablet":0,"ocean_menu_typo_spacing_mobile":0,"ocean_menu_typo_spacing_unit":"","ocean_menu_link_color":"","ocean_menu_link_color_hover":"","ocean_menu_link_color_active":"","ocean_menu_link_background":"","ocean_menu_link_hover_background":"","ocean_menu_link_active_background":"","ocean_menu_social_links_bg":"","ocean_menu_social_hover_links_bg":"","ocean_menu_social_links_color":"","ocean_menu_social_hover_links_color":"","ocean_disable_title":"default","ocean_disable_heading":"default","ocean_post_title":"","ocean_post_subheading":"","ocean_post_title_style":"","ocean_post_title_background_color":"","ocean_post_title_background":0,"ocean_post_title_bg_image_position":"","ocean_post_title_bg_image_attachment":"","ocean_post_title_bg_image_repeat":"","ocean_post_title_bg_image_size":"","ocean_post_title_height":0,"ocean_post_title_bg_overlay":0.5,"ocean_post_title_bg_overlay_color":"","ocean_disable_breadcrumbs":"default","ocean_breadcrumbs_color":"","ocean_breadcrumbs_separator_color":"","ocean_breadcrumbs_links_color":"","ocean_breadcrumbs_links_hover_color":"","ocean_display_footer_widgets":"default","ocean_display_footer_bottom":"default","ocean_custom_footer_template":"","ocean_post_oembed":"","ocean_post_self_hosted_media":"","ocean_post_video_embed":"","ocean_link_format":"","ocean_link_format_target":"self","ocean_quote_format":"","ocean_quote_format_link":"post","ocean_gallery_link_images":"on","ocean_gallery_id":[],"footnotes":""},"categories":[67,14],"tags":[],"class_list":["post-1611","post","type-post","status-publish","format-standard","has-post-thumbnail","hentry","category-67","category-schiessgruppe","entry","has-media"],"_links":{"self":[{"href":"https:\/\/schuetzenverein-sudendorf-schierloh.de\/index.php?rest_route=\/wp\/v2\/posts\/1611","targetHints":{"allow":["GET"]}}],"collection":[{"href":"https:\/\/schuetzenverein-sudendorf-schierloh.de\/index.php?rest_route=\/wp\/v2\/posts"}],"about":[{"href":"https:\/\/schuetzenverein-sudendorf-schierloh.de\/index.php?rest_route=\/wp\/v2\/types\/post"}],"author":[{"embeddable":true,"href":"https:\/\/schuetzenverein-sudendorf-schierloh.de\/index.php?rest_route=\/wp\/v2\/users\/6"}],"replies":[{"embeddable":true,"href":"https:\/\/schuetzenverein-sudendorf-schierloh.de\/index.php?rest_route=%2Fwp%2Fv2%2Fcomments&post=1611"}],"version-history":[{"count":1,"href":"https:\/\/schuetzenverein-sudendorf-schierloh.de\/index.php?rest_route=\/wp\/v2\/posts\/1611\/revisions"}],"predecessor-version":[{"id":1612,"href":"https:\/\/schuetzenverein-sudendorf-schierloh.de\/index.php?rest_route=\/wp\/v2\/posts\/1611\/revisions\/1612"}],"wp:featuredmedia":[{"embeddable":true,"href":"https:\/\/schuetzenverein-sudendorf-schierloh.de\/index.php?rest_route=\/wp\/v2\/media\/418"}],"wp:attachment":[{"href":"https:\/\/schuetzenverein-sudendorf-schierloh.de\/index.php?rest_route=%2Fwp%2Fv2%2Fmedia&parent=1611"}],"wp:term":[{"taxonomy":"category","embeddable":true,"href":"https:\/\/schuetzenverein-sudendorf-schierloh.de\/index.php?rest_route=%2Fwp%2Fv2%2Fcategories&post=1611"},{"taxonomy":"post_tag","embeddable":true,"href":"https:\/\/schuetzenverein-sudendorf-schierloh.de\/index.php?rest_route=%2Fwp%2Fv2%2Ftags&post=1611"}],"curies":[{"name":"wp","href":"https:\/\/api.w.org\/{rel}","templated":true}]}}