{"id":23,"date":"2018-11-16T19:30:53","date_gmt":"2018-11-16T19:30:53","guid":{"rendered":"http:\/\/schuetzenverein-sudendorf-schierloh.de\/?p=23"},"modified":"2019-02-08T10:38:57","modified_gmt":"2019-02-08T10:38:57","slug":"gemuetlicher-vorstandsabend","status":"publish","type":"post","link":"https:\/\/schuetzenverein-sudendorf-schierloh.de\/?p=23","title":{"rendered":"Gem\u00fctlicher Vorstandsabend"},"content":{"rendered":"\n<p>Zu dem gelungenen Abend geh\u00f6rten nat\u00fcrlich auch \u201eSpeis und Trank\u201c. Hier konnten sich die Sch\u00fctzenschwestern und Sch\u00fctzenbr\u00fcder \u00fcber ein leckeres Spanferkel mit Kartoffelbrei und Sauerkraut freuen. Die Sch\u00fctzenbr\u00fcder Johannes, Bernd und Christian haben bereits h\u00e4ufiger Bier gebraut und so konnten wir an diesem Abend im Sch\u00fctzenhaus selbstgebrautes Bier aus dem Zapfhahn bekommen. Au\u00dferdem hatte Eva fruchtige Lik\u00f6re gemacht, die wir an diesem Abend probieren durften. <\/p>\n\n\n\n<p>Traditionell wurde an diesem Abend au\u00dferdem die Plakette des amtieren K\u00f6nigspaares Manfred I. und seiner K\u00f6nigin Anne I. Wesler angebracht. Vielen Dank an alle f\u00fcr den sch\u00f6nen Abend!<\/p>\n\n\n\n<figure class=\"wp-block-image\"><img loading=\"lazy\" decoding=\"async\" width=\"576\" height=\"1024\" src=\"https:\/\/schuetzenverein-sudendorf-schierloh.de\/wp-content\/uploads\/2019\/02\/Bild-2_02.2019-576x1024.jpg\" alt=\"\" class=\"wp-image-25\" srcset=\"https:\/\/schuetzenverein-sudendorf-schierloh.de\/wp-content\/uploads\/2019\/02\/Bild-2_02.2019-576x1024.jpg 576w, https:\/\/schuetzenverein-sudendorf-schierloh.de\/wp-content\/uploads\/2019\/02\/Bild-2_02.2019-169x300.jpg 169w, https:\/\/schuetzenverein-sudendorf-schierloh.de\/wp-content\/uploads\/2019\/02\/Bild-2_02.2019-152x270.jpg 152w, https:\/\/schuetzenverein-sudendorf-schierloh.de\/wp-content\/uploads\/2019\/02\/Bild-2_02.2019.jpg 720w\" sizes=\"auto, (max-width: 576px) 100vw, 576px\" \/><\/figure>\n\n\n\n<h5 class=\"wp-block-heading\">Ergebnisse des Schie\u00dfens<\/h5>\n\n\n\n<p> Ehrenscheibe G\u00e4ste: Agnes Kaperschmidt<br> Ehrenscheibe Thron: Thomas Wesler<br> Ehrenscheibe Vorstand: Rainer Toppheide<br> Anton-Recker-Ged\u00e4chntnis-Pokal: Stefan Koch (verteidigt)<\/p>\n\n\n\n<figure class=\"wp-block-image\"><img loading=\"lazy\" decoding=\"async\" width=\"1024\" height=\"576\" src=\"https:\/\/schuetzenverein-sudendorf-schierloh.de\/wp-content\/uploads\/2019\/02\/Bild-1_02.2019-1024x576.jpg\" alt=\"\" class=\"wp-image-24\" srcset=\"https:\/\/schuetzenverein-sudendorf-schierloh.de\/wp-content\/uploads\/2019\/02\/Bild-1_02.2019-1024x576.jpg 1024w, https:\/\/schuetzenverein-sudendorf-schierloh.de\/wp-content\/uploads\/2019\/02\/Bild-1_02.2019-300x169.jpg 300w, https:\/\/schuetzenverein-sudendorf-schierloh.de\/wp-content\/uploads\/2019\/02\/Bild-1_02.2019-768x432.jpg 768w, https:\/\/schuetzenverein-sudendorf-schierloh.de\/wp-content\/uploads\/2019\/02\/Bild-1_02.2019-480x270.jpg 480w, https:\/\/schuetzenverein-sudendorf-schierloh.de\/wp-content\/uploads\/2019\/02\/Bild-1_02.2019.jpg 1280w\" sizes=\"auto, (max-width: 1024px) 100vw, 1024px\" \/><figcaption>Die erfolgreichen Sch\u00fctzinnen und Sch\u00fctzen v. l. n. r.<br>Rainer Toppheide, Thomas Wesler, Stefan Koch, Agnes Kaperschmidt<br><\/figcaption><\/figure>\n","protected":false},"excerpt":{"rendered":"<p>Zu dem gelungenen Abend geh\u00f6rten nat\u00fcrlich auch \u201eSpeis und Trank\u201c. Hier konnten sich die Sch\u00fctzenschwestern und Sch\u00fctzenbr\u00fcder \u00fcber ein leckeres Spanferkel mit Kartoffelbrei und Sauerkraut freuen. Die Sch\u00fctzenbr\u00fcder Johannes, Bernd [&hellip;]<\/p>\n","protected":false},"author":1,"featured_media":0,"comment_status":"open","ping_status":"closed","sticky":false,"template":"","format":"standard","meta":{"ocean_post_layout":"","ocean_both_sidebars_style":"","ocean_both_sidebars_content_width":0,"ocean_both_sidebars_sidebars_width":0,"ocean_sidebar":"","ocean_second_sidebar":"","ocean_disable_margins":"enable","ocean_add_body_class":"","ocean_shortcode_before_top_bar":"","ocean_shortcode_after_top_bar":"","ocean_shortcode_before_header":"","ocean_shortcode_after_header":"","ocean_has_shortcode":"","ocean_shortcode_after_title":"","ocean_shortcode_before_footer_widgets":"","ocean_shortcode_after_footer_widgets":"","ocean_shortcode_before_footer_bottom":"","ocean_shortcode_after_footer_bottom":"","ocean_display_top_bar":"default","ocean_display_header":"default","ocean_header_style":"","ocean_center_header_left_menu":"","ocean_custom_header_template":"","ocean_custom_logo":0,"ocean_custom_retina_logo":0,"ocean_custom_logo_max_width":0,"ocean_custom_logo_tablet_max_width":0,"ocean_custom_logo_mobile_max_width":0,"ocean_custom_logo_max_height":0,"ocean_custom_logo_tablet_max_height":0,"ocean_custom_logo_mobile_max_height":0,"ocean_header_custom_menu":"","ocean_menu_typo_font_family":"","ocean_menu_typo_font_subset":"","ocean_menu_typo_font_size":0,"ocean_menu_typo_font_size_tablet":0,"ocean_menu_typo_font_size_mobile":0,"ocean_menu_typo_font_size_unit":"px","ocean_menu_typo_font_weight":"","ocean_menu_typo_font_weight_tablet":"","ocean_menu_typo_font_weight_mobile":"","ocean_menu_typo_transform":"","ocean_menu_typo_transform_tablet":"","ocean_menu_typo_transform_mobile":"","ocean_menu_typo_line_height":0,"ocean_menu_typo_line_height_tablet":0,"ocean_menu_typo_line_height_mobile":0,"ocean_menu_typo_line_height_unit":"","ocean_menu_typo_spacing":0,"ocean_menu_typo_spacing_tablet":0,"ocean_menu_typo_spacing_mobile":0,"ocean_menu_typo_spacing_unit":"","ocean_menu_link_color":"","ocean_menu_link_color_hover":"","ocean_menu_link_color_active":"","ocean_menu_link_background":"","ocean_menu_link_hover_background":"","ocean_menu_link_active_background":"","ocean_menu_social_links_bg":"","ocean_menu_social_hover_links_bg":"","ocean_menu_social_links_color":"","ocean_menu_social_hover_links_color":"","ocean_disable_title":"default","ocean_disable_heading":"default","ocean_post_title":"","ocean_post_subheading":"","ocean_post_title_style":"","ocean_post_title_background_color":"","ocean_post_title_background":0,"ocean_post_title_bg_image_position":"","ocean_post_title_bg_image_attachment":"","ocean_post_title_bg_image_repeat":"","ocean_post_title_bg_image_size":"","ocean_post_title_height":0,"ocean_post_title_bg_overlay":0.5,"ocean_post_title_bg_overlay_color":"","ocean_disable_breadcrumbs":"default","ocean_breadcrumbs_color":"","ocean_breadcrumbs_separator_color":"","ocean_breadcrumbs_links_color":"","ocean_breadcrumbs_links_hover_color":"","ocean_display_footer_widgets":"default","ocean_display_footer_bottom":"default","ocean_custom_footer_template":"","ocean_post_oembed":"","ocean_post_self_hosted_media":"","ocean_post_video_embed":"","ocean_link_format":"","ocean_link_format_target":"self","ocean_quote_format":"","ocean_quote_format_link":"post","ocean_gallery_link_images":"on","ocean_gallery_id":[],"footnotes":""},"categories":[7,18],"tags":[3,9,4,6,8],"class_list":["post-23","post","type-post","status-publish","format-standard","hentry","category-7","category-vorstand","tag-3","tag-koenigspaar","tag-schuetzenhaus","tag-sudendorf","tag-vorstand","entry"],"_links":{"self":[{"href":"https:\/\/schuetzenverein-sudendorf-schierloh.de\/index.php?rest_route=\/wp\/v2\/posts\/23","targetHints":{"allow":["GET"]}}],"collection":[{"href":"https:\/\/schuetzenverein-sudendorf-schierloh.de\/index.php?rest_route=\/wp\/v2\/posts"}],"about":[{"href":"https:\/\/schuetzenverein-sudendorf-schierloh.de\/index.php?rest_route=\/wp\/v2\/types\/post"}],"author":[{"embeddable":true,"href":"https:\/\/schuetzenverein-sudendorf-schierloh.de\/index.php?rest_route=\/wp\/v2\/users\/1"}],"replies":[{"embeddable":true,"href":"https:\/\/schuetzenverein-sudendorf-schierloh.de\/index.php?rest_route=%2Fwp%2Fv2%2Fcomments&post=23"}],"version-history":[{"count":2,"href":"https:\/\/schuetzenverein-sudendorf-schierloh.de\/index.php?rest_route=\/wp\/v2\/posts\/23\/revisions"}],"predecessor-version":[{"id":28,"href":"https:\/\/schuetzenverein-sudendorf-schierloh.de\/index.php?rest_route=\/wp\/v2\/posts\/23\/revisions\/28"}],"wp:attachment":[{"href":"https:\/\/schuetzenverein-sudendorf-schierloh.de\/index.php?rest_route=%2Fwp%2Fv2%2Fmedia&parent=23"}],"wp:term":[{"taxonomy":"category","embeddable":true,"href":"https:\/\/schuetzenverein-sudendorf-schierloh.de\/index.php?rest_route=%2Fwp%2Fv2%2Fcategories&post=23"},{"taxonomy":"post_tag","embeddable":true,"href":"https:\/\/schuetzenverein-sudendorf-schierloh.de\/index.php?rest_route=%2Fwp%2Fv2%2Ftags&post=23"}],"curies":[{"name":"wp","href":"https:\/\/api.w.org\/{rel}","templated":true}]}}