{"id":238,"date":"2020-03-01T00:00:00","date_gmt":"2020-03-01T00:00:00","guid":{"rendered":"http:\/\/schuetzenverein-sudendorf-schierloh.de\/?p=238"},"modified":"2022-06-02T14:35:17","modified_gmt":"2022-06-02T14:35:17","slug":"generalversammlung-2020","status":"publish","type":"post","link":"https:\/\/schuetzenverein-sudendorf-schierloh.de\/?p=238","title":{"rendered":"Generalversammlung 2020"},"content":{"rendered":"\n<blockquote class=\"wp-block-quote is-layout-flow wp-block-quote-is-layout-flow\"><p> \u201eMein Lieblingsplatz im Osnabr\u00fccker Land ist unser Sch\u00fctzenplatz\u201c <\/p><\/blockquote>\n\n\n\n<p>mit diesen Worten er\u00f6ffnete Pr\u00e4sident Rainer Toppheide die j\u00e4hrliche Generalversammlung.<\/p>\n\n\n\n<p>Besonders begr\u00fc\u00dfte er den amtierenden Sch\u00fctzenk\u00f6nig Nico I. Lammertmann,\nder f\u00fcr diesen Abend ein Fass Bier ausgegeben hatte. Weiterhin begr\u00fc\u00dfte er den\n1. Vorsitzenden und Ortsb\u00fcrgermeister Rudolf Ziegert sowie die Ehrenmitglieder\nWilli Eggert, Carl Papenbrock und Antonius Recker.<\/p>\n\n\n\n<p>Nach den \u00fcblichen Formalit\u00e4ten folgten die Verlesung des Protokolls der\nletzten Generalversammlung, der Bericht des Schatzmeisters sowie der Bericht\nder Kassenpr\u00fcfer. Anschlie\u00dfend wurden der Schatzmeister sowie der gesamte\nVorstand von den Anwesenden entlastet. Es folgte der Bericht des\nVereinssportleiters Stefan Koch (Hierzu berichten wir ausf\u00fchrlich in der\nkommenden Ausgabe der Glandorfer Mitteilungen.).<\/p>\n\n\n\n<p>Einer der ausf\u00fchrlichsten Tagesordnungspunkte ist meistens das Thema\nWahlen. <\/p>\n\n\n\n<p>Folgende Ergebnisse brachten die Abstimmungen:<\/p>\n\n\n\n<p><strong>Wiederwahl (2 Jahre)<\/strong><\/p>\n\n\n\n<ul class=\"wp-block-list\"><li>1. Vorsitzender: Rudolf Ziegert<\/li><li>Schatzmeister: Thomas Wesler<\/li><li>Beisitzer: Leon Potthoff, Christian H\u00e4lker, Michael Koch, Ralf\nKaperschmidt, Cord Inkrot<\/li><li>Oberfeldwebel: Christian H\u00e4lker<\/li><li>1. Feldwebel: Stephan Gro\u00dfe Brockmann<\/li><li>Platzwart: Thomas Lehmkuhl<\/li><li>Vizeplatzwart: Josef K\u00f6ster<\/li><li>stellv. Sportleiter: Stephan Gro\u00dfe Brockmann<\/li><li>Jugendsportleiter: Ewald Gro\u00dfe Kracht<\/li><li>1. Sch\u00fctzenm\u00e4del: Christina Steinhorst<\/li><li>2. Sch\u00fctzenm\u00e4dels: Juliane Harwerth &amp; Anika Jacoblinnert<\/li><li>2. Ger\u00e4tewart: Cord Inkrot<\/li><li>Beitragssammler: Christian H\u00e4lker<\/li><\/ul>\n\n\n\n<p>Nach 40 Jahren als Oberst zu Pferde m\u00f6chte Willi W\u00e4chter nun sein Amt in\nneue H\u00e4nde legen. Pr\u00e4sident Rainer Toppheide bedankte sich au\u00dferordentlich bei\nihm und \u00fcberreichte ihm als Erinnerung eine Zinntafel als Dank und Anerkennung.\nEr berichtete \u00fcber einige Stationen aus Willis jahrzehntelanger Vereins- und\nVorstandst\u00e4tigkeit. 1968 trat Willi in den Sch\u00fctzenverein ein. Er kann im Jahr\n2020 auf eine 52-j\u00e4hrige Mitgliedschaft zur\u00fcckblicken. Auf der\nGeneralversammlung am 12.02.1977 trat der Pr\u00e4sident Clemens Hothnaier aus\nAltersgr\u00fcnden zur\u00fcck. Neuer Pr\u00e4sident wurde das Vorstandsmitglied Josef Auf der\nLandwehr aus Schierloh. F\u00fcr ihn ist dann Willi W\u00e4chter in den Vorstand gew\u00e4hlt\nworden. Im vergangenen Jahr 2019 trat Willi als Vorstandsmitglied nach 42\nJahren zur\u00fcck. <\/p>\n\n\n\n<p>1980 wurde Willi zum Oberst gew\u00e4hlt und trat somit die Nachfolge von Josef\nM\u00f6ller-Papenbrock an. Als sein Nachfolger wurde Felix Hagemann von der\nVersammlung gew\u00e4hlt. <\/p>\n\n\n\n<figure class=\"wp-block-image size-large\"><img loading=\"lazy\" decoding=\"async\" width=\"1024\" height=\"681\" src=\"https:\/\/schuetzenverein-sudendorf-schierloh.de\/wp-content\/uploads\/2020\/02\/DSC06021-1024x681.jpg\" alt=\"\" class=\"wp-image-239\" srcset=\"https:\/\/schuetzenverein-sudendorf-schierloh.de\/wp-content\/uploads\/2020\/02\/DSC06021-1024x681.jpg 1024w, https:\/\/schuetzenverein-sudendorf-schierloh.de\/wp-content\/uploads\/2020\/02\/DSC06021-300x200.jpg 300w, https:\/\/schuetzenverein-sudendorf-schierloh.de\/wp-content\/uploads\/2020\/02\/DSC06021-768x511.jpg 768w, https:\/\/schuetzenverein-sudendorf-schierloh.de\/wp-content\/uploads\/2020\/02\/DSC06021-1536x1022.jpg 1536w, https:\/\/schuetzenverein-sudendorf-schierloh.de\/wp-content\/uploads\/2020\/02\/DSC06021-2048x1363.jpg 2048w, https:\/\/schuetzenverein-sudendorf-schierloh.de\/wp-content\/uploads\/2020\/02\/DSC06021-406x270.jpg 406w\" sizes=\"auto, (max-width: 1024px) 100vw, 1024px\" \/><figcaption> Der Pr\u00e4sident Rainer Toppheide (links im Bild) \u00fcberreichte den scheidenden Oberst Willi W\u00e4chter (rechts), nach 40 Jahren als Dank und Anerkennung eine Zinntafel. <\/figcaption><\/figure>\n\n\n\n<p>Drei Vereinsmitglieder wollten auf der Generalversammlung gerne in den Vorstand gew\u00e4hlt werden.<\/p>\n\n\n\n<figure class=\"wp-block-image size-large\"><img loading=\"lazy\" decoding=\"async\" width=\"1024\" height=\"681\" src=\"https:\/\/schuetzenverein-sudendorf-schierloh.de\/wp-content\/uploads\/2020\/02\/DSC06038-1024x681.jpg\" alt=\"\" class=\"wp-image-240\" srcset=\"https:\/\/schuetzenverein-sudendorf-schierloh.de\/wp-content\/uploads\/2020\/02\/DSC06038-1024x681.jpg 1024w, https:\/\/schuetzenverein-sudendorf-schierloh.de\/wp-content\/uploads\/2020\/02\/DSC06038-300x200.jpg 300w, https:\/\/schuetzenverein-sudendorf-schierloh.de\/wp-content\/uploads\/2020\/02\/DSC06038-768x511.jpg 768w, https:\/\/schuetzenverein-sudendorf-schierloh.de\/wp-content\/uploads\/2020\/02\/DSC06038-1536x1022.jpg 1536w, https:\/\/schuetzenverein-sudendorf-schierloh.de\/wp-content\/uploads\/2020\/02\/DSC06038-2048x1363.jpg 2048w, https:\/\/schuetzenverein-sudendorf-schierloh.de\/wp-content\/uploads\/2020\/02\/DSC06038-406x270.jpg 406w\" sizes=\"auto, (max-width: 1024px) 100vw, 1024px\" \/><figcaption> Felix Hagemann (l.) wurde Nachfolger von Stefan Walgern der als Beisitzer aus gesundheitlichen Gr\u00fcnden vorzeitig ausschied.<br> Da noch zwei andere Sch\u00fctzenbr\u00fcder in den Vorstand wollten, hat der Pr\u00e4sident den Vorstand um zwei Personen erh\u00f6ht. Bernd Finkner (2. v. r.) sowie Nico Lammertmann (r.) sind einstimmig in den Vorstand gew\u00e4hlt. Was den Pr\u00e4sidenten auch sehr freute, das mit Nico auch wieder ein Vorstandsmitglied aus Schierloh dabei ist. <\/figcaption><\/figure>\n\n\n\n<p><strong>Weitere Ergebnisse der Neuwahlen<\/strong><\/p>\n\n\n\n<ul class=\"wp-block-list\"><li>Kassenpr\u00fcfer: Lennart Heithaus <\/li><li>2. Feldwebel: Leon Potthoff<\/li><li>Beitragssammler: Lukas Dingwerth<\/li><\/ul>\n\n\n\n<p>Der Vorstand berichtete aus dem Jahr 2019, dass eine Musikanlage f\u00fcr das\nSch\u00fctzenhaus angeschafft wurde. Au\u00dferdem wurden Wasserleitungen und Stromkabel\ngelegt, sodass nun an f\u00fcnf Stellen Wasser gezapft und an vier Stellen Strom\nabgenommen werden kann. Lange Schl\u00e4uche und Verl\u00e4ngerungskabel m\u00fcssen nun zum\nSch\u00fctzenfest nicht mehr quer durch den Sch\u00fctzenbusch verlegt werden.<\/p>\n\n\n\n<p>Vorausblickend auf das Jahr 2020 sind verschiedene Aktionen geplant. Der\nLuftgewehrstand soll renoviert werden, u.a. sollen hier neue Fliesen gelegt und\ndie Decke erneuert werden. Auch die alten Zuganlagen sollten durch modernste\nMesstechnik ersetzt werden.<\/p>\n\n\n\n<p>Pr\u00e4sident Rainer Toppheide schloss die Versammlung mit einem Dankesch\u00f6n an\nalle interessierten Anwesenden sowie mit einem Dank an das Thekenteam. Den\nNeugew\u00e4hlten w\u00fcnscht er viel Spa\u00df und immer gute Entscheidungen bei der\nVereinsarbeit. Schlie\u00dflich stimmte er noch ein Horrido auf das deutsche\nSch\u00fctzenwesen sowie seinen Lieblingsverein im Osnabr\u00fccker Land an: den\nB\u00fcrgersch\u00fctzenverein Sudendorf-Schierloh.<\/p>\n","protected":false},"excerpt":{"rendered":"<p>\u201eMein Lieblingsplatz im Osnabr\u00fccker Land ist unser Sch\u00fctzenplatz\u201c mit diesen Worten er\u00f6ffnete Pr\u00e4sident Rainer Toppheide die j\u00e4hrliche Generalversammlung. Besonders begr\u00fc\u00dfte er den amtierenden Sch\u00fctzenk\u00f6nig Nico I. Lammertmann, der f\u00fcr diesen [&hellip;]<\/p>\n","protected":false},"author":1,"featured_media":240,"comment_status":"open","ping_status":"closed","sticky":false,"template":"","format":"standard","meta":{"ocean_post_layout":"","ocean_both_sidebars_style":"","ocean_both_sidebars_content_width":0,"ocean_both_sidebars_sidebars_width":0,"ocean_sidebar":"","ocean_second_sidebar":"","ocean_disable_margins":"enable","ocean_add_body_class":"","ocean_shortcode_before_top_bar":"","ocean_shortcode_after_top_bar":"","ocean_shortcode_before_header":"","ocean_shortcode_after_header":"","ocean_has_shortcode":"","ocean_shortcode_after_title":"","ocean_shortcode_before_footer_widgets":"","ocean_shortcode_after_footer_widgets":"","ocean_shortcode_before_footer_bottom":"","ocean_shortcode_after_footer_bottom":"","ocean_display_top_bar":"default","ocean_display_header":"default","ocean_header_style":"","ocean_center_header_left_menu":"","ocean_custom_header_template":"","ocean_custom_logo":0,"ocean_custom_retina_logo":0,"ocean_custom_logo_max_width":0,"ocean_custom_logo_tablet_max_width":0,"ocean_custom_logo_mobile_max_width":0,"ocean_custom_logo_max_height":0,"ocean_custom_logo_tablet_max_height":0,"ocean_custom_logo_mobile_max_height":0,"ocean_header_custom_menu":"","ocean_menu_typo_font_family":"","ocean_menu_typo_font_subset":"","ocean_menu_typo_font_size":0,"ocean_menu_typo_font_size_tablet":0,"ocean_menu_typo_font_size_mobile":0,"ocean_menu_typo_font_size_unit":"px","ocean_menu_typo_font_weight":"","ocean_menu_typo_font_weight_tablet":"","ocean_menu_typo_font_weight_mobile":"","ocean_menu_typo_transform":"","ocean_menu_typo_transform_tablet":"","ocean_menu_typo_transform_mobile":"","ocean_menu_typo_line_height":0,"ocean_menu_typo_line_height_tablet":0,"ocean_menu_typo_line_height_mobile":0,"ocean_menu_typo_line_height_unit":"","ocean_menu_typo_spacing":0,"ocean_menu_typo_spacing_tablet":0,"ocean_menu_typo_spacing_mobile":0,"ocean_menu_typo_spacing_unit":"","ocean_menu_link_color":"","ocean_menu_link_color_hover":"","ocean_menu_link_color_active":"","ocean_menu_link_background":"","ocean_menu_link_hover_background":"","ocean_menu_link_active_background":"","ocean_menu_social_links_bg":"","ocean_menu_social_hover_links_bg":"","ocean_menu_social_links_color":"","ocean_menu_social_hover_links_color":"","ocean_disable_title":"default","ocean_disable_heading":"default","ocean_post_title":"","ocean_post_subheading":"","ocean_post_title_style":"","ocean_post_title_background_color":"","ocean_post_title_background":0,"ocean_post_title_bg_image_position":"","ocean_post_title_bg_image_attachment":"","ocean_post_title_bg_image_repeat":"","ocean_post_title_bg_image_size":"","ocean_post_title_height":0,"ocean_post_title_bg_overlay":0.5,"ocean_post_title_bg_overlay_color":"","ocean_disable_breadcrumbs":"default","ocean_breadcrumbs_color":"","ocean_breadcrumbs_separator_color":"","ocean_breadcrumbs_links_color":"","ocean_breadcrumbs_links_hover_color":"","ocean_display_footer_widgets":"default","ocean_display_footer_bottom":"default","ocean_custom_footer_template":"","ocean_post_oembed":"","ocean_post_self_hosted_media":"","ocean_post_video_embed":"","ocean_link_format":"","ocean_link_format_target":"self","ocean_quote_format":"","ocean_quote_format_link":"post","ocean_gallery_link_images":"on","ocean_gallery_id":[],"footnotes":""},"categories":[38,34],"tags":[],"class_list":["post-238","post","type-post","status-publish","format-standard","has-post-thumbnail","hentry","category-38","category-generalversammlung","entry","has-media"],"_links":{"self":[{"href":"https:\/\/schuetzenverein-sudendorf-schierloh.de\/index.php?rest_route=\/wp\/v2\/posts\/238","targetHints":{"allow":["GET"]}}],"collection":[{"href":"https:\/\/schuetzenverein-sudendorf-schierloh.de\/index.php?rest_route=\/wp\/v2\/posts"}],"about":[{"href":"https:\/\/schuetzenverein-sudendorf-schierloh.de\/index.php?rest_route=\/wp\/v2\/types\/post"}],"author":[{"embeddable":true,"href":"https:\/\/schuetzenverein-sudendorf-schierloh.de\/index.php?rest_route=\/wp\/v2\/users\/1"}],"replies":[{"embeddable":true,"href":"https:\/\/schuetzenverein-sudendorf-schierloh.de\/index.php?rest_route=%2Fwp%2Fv2%2Fcomments&post=238"}],"version-history":[{"count":1,"href":"https:\/\/schuetzenverein-sudendorf-schierloh.de\/index.php?rest_route=\/wp\/v2\/posts\/238\/revisions"}],"predecessor-version":[{"id":241,"href":"https:\/\/schuetzenverein-sudendorf-schierloh.de\/index.php?rest_route=\/wp\/v2\/posts\/238\/revisions\/241"}],"wp:featuredmedia":[{"embeddable":true,"href":"https:\/\/schuetzenverein-sudendorf-schierloh.de\/index.php?rest_route=\/wp\/v2\/media\/240"}],"wp:attachment":[{"href":"https:\/\/schuetzenverein-sudendorf-schierloh.de\/index.php?rest_route=%2Fwp%2Fv2%2Fmedia&parent=238"}],"wp:term":[{"taxonomy":"category","embeddable":true,"href":"https:\/\/schuetzenverein-sudendorf-schierloh.de\/index.php?rest_route=%2Fwp%2Fv2%2Fcategories&post=238"},{"taxonomy":"post_tag","embeddable":true,"href":"https:\/\/schuetzenverein-sudendorf-schierloh.de\/index.php?rest_route=%2Fwp%2Fv2%2Ftags&post=238"}],"curies":[{"name":"wp","href":"https:\/\/api.w.org\/{rel}","templated":true}]}}