{"id":427,"date":"2023-03-15T18:34:20","date_gmt":"2023-03-15T18:34:20","guid":{"rendered":"https:\/\/schuetzenverein-sudendorf-schierloh.de\/?p=427"},"modified":"2023-03-15T18:36:37","modified_gmt":"2023-03-15T18:36:37","slug":"generalversammlung-der-schiessgruppe-das-wichtigste-vom-21-01-2023","status":"publish","type":"post","link":"https:\/\/schuetzenverein-sudendorf-schierloh.de\/?p=427","title":{"rendered":"Generalversammlung der Schie\u00dfgruppe: Das Wichtigste vom 21.01.2023"},"content":{"rendered":"\n<p><strong>Wahlen<\/strong><\/p>\n\n\n\n<p>Nach 20 Jahren als Getr\u00e4nkewart gibt Christian H\u00e4lker seine Aufgaben in neue H\u00e4nde. Simon Schr\u00e4der \u00fcbernimmt nun. Au\u00dferdem wurden gew\u00e4hlt: Sportleiter Stefan Koch, 2. Sportleiterin und Damensportleiterin Steffi Gro\u00dfe Brockmann, Jugendsportleiter Ewald Gro\u00dfe Kracht, Kassenwart Maik Ellerbrock, Schriftf\u00fchrer Nico Lammertmann, 2. Getr\u00e4nkewart Christian H\u00e4lker sowie Kassenpr\u00fcfer Bernd Finkner und Rainer Buller.<\/p>\n\n\n\n<p>Weitere Ergebnisse aus dem Schie\u00dfsport:<\/p>\n\n\n\n<p><em>Jahreswertung im Verein<\/em><\/p>\n\n\n\n<p>Sch\u00fcler: 1. Platz: Sara K\u00fcnne (859), 2. Platz: Lina Gr. Brockmann (828), 3. Platz: Julian Herbermann (815)<\/p>\n\n\n\n<p>Jugend: 1. Platz: Johann Toppheide (962), 2. Platz: Lars Sch\u00fctze (888)<\/p>\n\n\n\n<p>Vor Weihnachten wurden die Wanderpokale und Ehrenscheiben ausgeschossen:<\/p>\n\n\n\n<p>Wanderpokal Sch\u00fcler: 1. Platz: Sara K\u00fcnne (85), 2. Platz: Lina Gr. Brockmann (84), 3. Platz: Maria Toppheide (84)<\/p>\n\n\n\n<p>Wanderpokal Sch\u00fctzen: 1. Platz: Frank Inkrot (52,2), 2. Platz: Ewald Gr. Kracht (50,5), 3. Platz: Stefan Havermann (50,2)<\/p>\n\n\n\n<p>Ehrenscheiben: Sch\u00fcler\/Jugend: Justus Lefken &amp; Erwachsene: Frank Inkrot<\/p>\n\n\n\n<figure class=\"wp-block-image size-large\"><img loading=\"lazy\" decoding=\"async\" width=\"1024\" height=\"768\" src=\"https:\/\/schuetzenverein-sudendorf-schierloh.de\/wp-content\/uploads\/2023\/03\/Foto-Pokale-GV-Schiessgruppe-21.01.2023-1024x768.jpg\" alt=\"\" class=\"wp-image-428\" srcset=\"https:\/\/schuetzenverein-sudendorf-schierloh.de\/wp-content\/uploads\/2023\/03\/Foto-Pokale-GV-Schiessgruppe-21.01.2023-1024x768.jpg 1024w, https:\/\/schuetzenverein-sudendorf-schierloh.de\/wp-content\/uploads\/2023\/03\/Foto-Pokale-GV-Schiessgruppe-21.01.2023-300x225.jpg 300w, https:\/\/schuetzenverein-sudendorf-schierloh.de\/wp-content\/uploads\/2023\/03\/Foto-Pokale-GV-Schiessgruppe-21.01.2023-768x576.jpg 768w, https:\/\/schuetzenverein-sudendorf-schierloh.de\/wp-content\/uploads\/2023\/03\/Foto-Pokale-GV-Schiessgruppe-21.01.2023-1536x1152.jpg 1536w, https:\/\/schuetzenverein-sudendorf-schierloh.de\/wp-content\/uploads\/2023\/03\/Foto-Pokale-GV-Schiessgruppe-21.01.2023-360x270.jpg 360w, https:\/\/schuetzenverein-sudendorf-schierloh.de\/wp-content\/uploads\/2023\/03\/Foto-Pokale-GV-Schiessgruppe-21.01.2023.jpg 1707w\" sizes=\"auto, (max-width: 1024px) 100vw, 1024px\" \/><\/figure>\n\n\n\n<p><strong>Verschiedenes<\/strong><\/p>\n\n\n\n<p>Aufgrund der guten schie\u00dfsportlichen Ergebnisse schafft die Schie\u00dfgruppe ein neues Luftgewehr (Wettkampfgewehr) an, um auch weiterhin in den schie\u00dfsportlichen Auseinandersetzungen mit den anderen Vereinen im Sch\u00fctzenkreis erfolgreich zu sein.<\/p>\n","protected":false},"excerpt":{"rendered":"<p>Wahlen Nach 20 Jahren als Getr\u00e4nkewart gibt Christian H\u00e4lker seine Aufgaben in neue H\u00e4nde. Simon Schr\u00e4der \u00fcbernimmt nun. Au\u00dferdem wurden gew\u00e4hlt: Sportleiter Stefan Koch, 2. Sportleiterin und Damensportleiterin Steffi Gro\u00dfe [&hellip;]<\/p>\n","protected":false},"author":1,"featured_media":418,"comment_status":"closed","ping_status":"closed","sticky":false,"template":"","format":"standard","meta":{"ocean_post_layout":"","ocean_both_sidebars_style":"","ocean_both_sidebars_content_width":0,"ocean_both_sidebars_sidebars_width":0,"ocean_sidebar":"","ocean_second_sidebar":"","ocean_disable_margins":"enable","ocean_add_body_class":"","ocean_shortcode_before_top_bar":"","ocean_shortcode_after_top_bar":"","ocean_shortcode_before_header":"","ocean_shortcode_after_header":"","ocean_has_shortcode":"","ocean_shortcode_after_title":"","ocean_shortcode_before_footer_widgets":"","ocean_shortcode_after_footer_widgets":"","ocean_shortcode_before_footer_bottom":"","ocean_shortcode_after_footer_bottom":"","ocean_display_top_bar":"default","ocean_display_header":"default","ocean_header_style":"","ocean_center_header_left_menu":"","ocean_custom_header_template":"","ocean_custom_logo":0,"ocean_custom_retina_logo":0,"ocean_custom_logo_max_width":0,"ocean_custom_logo_tablet_max_width":0,"ocean_custom_logo_mobile_max_width":0,"ocean_custom_logo_max_height":0,"ocean_custom_logo_tablet_max_height":0,"ocean_custom_logo_mobile_max_height":0,"ocean_header_custom_menu":"","ocean_menu_typo_font_family":"","ocean_menu_typo_font_subset":"","ocean_menu_typo_font_size":0,"ocean_menu_typo_font_size_tablet":0,"ocean_menu_typo_font_size_mobile":0,"ocean_menu_typo_font_size_unit":"px","ocean_menu_typo_font_weight":"","ocean_menu_typo_font_weight_tablet":"","ocean_menu_typo_font_weight_mobile":"","ocean_menu_typo_transform":"","ocean_menu_typo_transform_tablet":"","ocean_menu_typo_transform_mobile":"","ocean_menu_typo_line_height":0,"ocean_menu_typo_line_height_tablet":0,"ocean_menu_typo_line_height_mobile":0,"ocean_menu_typo_line_height_unit":"","ocean_menu_typo_spacing":0,"ocean_menu_typo_spacing_tablet":0,"ocean_menu_typo_spacing_mobile":0,"ocean_menu_typo_spacing_unit":"","ocean_menu_link_color":"","ocean_menu_link_color_hover":"","ocean_menu_link_color_active":"","ocean_menu_link_background":"","ocean_menu_link_hover_background":"","ocean_menu_link_active_background":"","ocean_menu_social_links_bg":"","ocean_menu_social_hover_links_bg":"","ocean_menu_social_links_color":"","ocean_menu_social_hover_links_color":"","ocean_disable_title":"default","ocean_disable_heading":"default","ocean_post_title":"","ocean_post_subheading":"","ocean_post_title_style":"","ocean_post_title_background_color":"","ocean_post_title_background":0,"ocean_post_title_bg_image_position":"","ocean_post_title_bg_image_attachment":"","ocean_post_title_bg_image_repeat":"","ocean_post_title_bg_image_size":"","ocean_post_title_height":0,"ocean_post_title_bg_overlay":0.5,"ocean_post_title_bg_overlay_color":"","ocean_disable_breadcrumbs":"default","ocean_breadcrumbs_color":"","ocean_breadcrumbs_separator_color":"","ocean_breadcrumbs_links_color":"","ocean_breadcrumbs_links_hover_color":"","ocean_display_footer_widgets":"default","ocean_display_footer_bottom":"default","ocean_custom_footer_template":"","ocean_post_oembed":"","ocean_post_self_hosted_media":"","ocean_post_video_embed":"","ocean_link_format":"","ocean_link_format_target":"self","ocean_quote_format":"","ocean_quote_format_link":"post","ocean_gallery_link_images":"on","ocean_gallery_id":[],"footnotes":""},"categories":[42,14],"tags":[16,25],"class_list":["post-427","post","type-post","status-publish","format-standard","has-post-thumbnail","hentry","category-42","category-schiessgruppe","tag-schiessgruppe","tag-sudendorf-schierloh","entry","has-media"],"_links":{"self":[{"href":"https:\/\/schuetzenverein-sudendorf-schierloh.de\/index.php?rest_route=\/wp\/v2\/posts\/427","targetHints":{"allow":["GET"]}}],"collection":[{"href":"https:\/\/schuetzenverein-sudendorf-schierloh.de\/index.php?rest_route=\/wp\/v2\/posts"}],"about":[{"href":"https:\/\/schuetzenverein-sudendorf-schierloh.de\/index.php?rest_route=\/wp\/v2\/types\/post"}],"author":[{"embeddable":true,"href":"https:\/\/schuetzenverein-sudendorf-schierloh.de\/index.php?rest_route=\/wp\/v2\/users\/1"}],"replies":[{"embeddable":true,"href":"https:\/\/schuetzenverein-sudendorf-schierloh.de\/index.php?rest_route=%2Fwp%2Fv2%2Fcomments&post=427"}],"version-history":[{"count":2,"href":"https:\/\/schuetzenverein-sudendorf-schierloh.de\/index.php?rest_route=\/wp\/v2\/posts\/427\/revisions"}],"predecessor-version":[{"id":430,"href":"https:\/\/schuetzenverein-sudendorf-schierloh.de\/index.php?rest_route=\/wp\/v2\/posts\/427\/revisions\/430"}],"wp:featuredmedia":[{"embeddable":true,"href":"https:\/\/schuetzenverein-sudendorf-schierloh.de\/index.php?rest_route=\/wp\/v2\/media\/418"}],"wp:attachment":[{"href":"https:\/\/schuetzenverein-sudendorf-schierloh.de\/index.php?rest_route=%2Fwp%2Fv2%2Fmedia&parent=427"}],"wp:term":[{"taxonomy":"category","embeddable":true,"href":"https:\/\/schuetzenverein-sudendorf-schierloh.de\/index.php?rest_route=%2Fwp%2Fv2%2Fcategories&post=427"},{"taxonomy":"post_tag","embeddable":true,"href":"https:\/\/schuetzenverein-sudendorf-schierloh.de\/index.php?rest_route=%2Fwp%2Fv2%2Ftags&post=427"}],"curies":[{"name":"wp","href":"https:\/\/api.w.org\/{rel}","templated":true}]}}