{"id":514,"date":"2023-05-26T11:15:25","date_gmt":"2023-05-26T11:15:25","guid":{"rendered":"https:\/\/schuetzenverein-sudendorf-schierloh.de\/?p=514"},"modified":"2023-05-26T11:23:38","modified_gmt":"2023-05-26T11:23:38","slug":"31-jugendschiesssportwoche-in-mueschen","status":"publish","type":"post","link":"https:\/\/schuetzenverein-sudendorf-schierloh.de\/?p=514","title":{"rendered":"31. Jugendschie\u00dfsportwoche in M\u00fcschen"},"content":{"rendered":"\n<p>Nach einer durch die Pandemie bedingten dreij\u00e4hrigen Pause, hatte der BSV M\u00fcschen f\u00fcr die letzte April und erste Maiwoche zu einem Jugenpokalschie\u00dfen eingeladen. Zu dieser Schie\u00dfsportwoche waren die Sch\u00fcler-, Jugend- und Juniorenmannschaften eingeladen. Sie konnten sich im Lichpunktschie\u00dfen und mit der Luftpistole messen.<\/p>\n\n\n\n<p>Insgesamt nahmen 212 Kinder und Jugendliche an dem Wettkampf teil, wobei unser Verein 17 Sch\u00fctzen stellen konnte und fantastische Ergebnisse erreichte.<\/p>\n\n\n\n<p><strong>Lichtpunkt M\u00e4dchen:<\/strong><\/p>\n\n\n\n<p>Lina Gro\u00dfe-Brockmann&nbsp;&nbsp;&nbsp;&nbsp;&nbsp;&nbsp;&nbsp;&nbsp;&nbsp; 1. Platz&nbsp;&nbsp;&nbsp;&nbsp;&nbsp; 207,9 Ringe<\/p>\n\n\n\n<p>Regina Toppheide&nbsp;&nbsp;&nbsp;&nbsp;&nbsp;&nbsp;&nbsp;&nbsp;&nbsp;&nbsp;&nbsp;&nbsp;&nbsp;&nbsp;&nbsp;&nbsp;&nbsp; 2. Platz&nbsp;&nbsp;&nbsp;&nbsp;&nbsp; 204,7 Ringe<\/p>\n\n\n\n<p>Johanna Kaperschmidt&nbsp;&nbsp;&nbsp;&nbsp;&nbsp;&nbsp;&nbsp;&nbsp;&nbsp; 3. Platz&nbsp;&nbsp;&nbsp;&nbsp;&nbsp; 197,4 Ringe<\/p>\n\n\n\n<p><strong>Lichtpunkt Jungen<\/strong><\/p>\n\n\n\n<p>Augustin Krause&nbsp;&nbsp;&nbsp;&nbsp;&nbsp;&nbsp;&nbsp;&nbsp;&nbsp;&nbsp;&nbsp;&nbsp;&nbsp;&nbsp;&nbsp;&nbsp;&nbsp;&nbsp;&nbsp; 1. Platz&nbsp;&nbsp;&nbsp;&nbsp;&nbsp; 204,7 Ringe<\/p>\n\n\n\n<p>Fiete Heringhaus&nbsp;&nbsp;&nbsp;&nbsp;&nbsp;&nbsp;&nbsp;&nbsp;&nbsp;&nbsp;&nbsp;&nbsp;&nbsp;&nbsp;&nbsp;&nbsp;&nbsp;&nbsp; 2. Platz &nbsp;&nbsp;&nbsp;&nbsp; 196,0 Ringe<\/p>\n\n\n\n<p><strong>Sch\u00fcler<\/strong><\/p>\n\n\n\n<p>Maria Toppheide&nbsp;&nbsp;&nbsp;&nbsp;&nbsp;&nbsp;&nbsp;&nbsp;&nbsp;&nbsp;&nbsp;&nbsp;&nbsp;&nbsp;&nbsp;&nbsp;&nbsp;&nbsp;&nbsp; 3. Platz&nbsp;&nbsp;&nbsp;&nbsp;&nbsp; 183 Ringe<\/p>\n\n\n\n<p><strong>Jugend m\u00e4nnlich<\/strong><\/p>\n\n\n\n<p>Lars Sch\u00fctze&nbsp;&nbsp;&nbsp;&nbsp;&nbsp;&nbsp;&nbsp;&nbsp;&nbsp;&nbsp;&nbsp;&nbsp;&nbsp;&nbsp;&nbsp;&nbsp;&nbsp;&nbsp;&nbsp;&nbsp;&nbsp;&nbsp;&nbsp;&nbsp;&nbsp; 2. Platz&nbsp;&nbsp;&nbsp;&nbsp;&nbsp; 190 Ringe<\/p>\n\n\n\n<p>Johann Toppheide&nbsp;&nbsp;&nbsp;&nbsp;&nbsp;&nbsp;&nbsp;&nbsp;&nbsp;&nbsp;&nbsp;&nbsp;&nbsp;&nbsp;&nbsp;&nbsp; 3. Platz&nbsp;&nbsp;&nbsp;&nbsp;&nbsp; 188 Ringe<\/p>\n\n\n\n<figure class=\"wp-block-image size-large is-style-default\"><img loading=\"lazy\" decoding=\"async\" width=\"1024\" height=\"768\" src=\"https:\/\/schuetzenverein-sudendorf-schierloh.de\/wp-content\/uploads\/2023\/05\/SUSCHI-06-2023-1-Jugendschiesssportwoche-Mueschen-1-1024x768.jpg\" alt=\"\" class=\"wp-image-517\" srcset=\"https:\/\/schuetzenverein-sudendorf-schierloh.de\/wp-content\/uploads\/2023\/05\/SUSCHI-06-2023-1-Jugendschiesssportwoche-Mueschen-1-1024x768.jpg 1024w, https:\/\/schuetzenverein-sudendorf-schierloh.de\/wp-content\/uploads\/2023\/05\/SUSCHI-06-2023-1-Jugendschiesssportwoche-Mueschen-1-300x225.jpg 300w, https:\/\/schuetzenverein-sudendorf-schierloh.de\/wp-content\/uploads\/2023\/05\/SUSCHI-06-2023-1-Jugendschiesssportwoche-Mueschen-1-768x576.jpg 768w, https:\/\/schuetzenverein-sudendorf-schierloh.de\/wp-content\/uploads\/2023\/05\/SUSCHI-06-2023-1-Jugendschiesssportwoche-Mueschen-1-1536x1152.jpg 1536w, https:\/\/schuetzenverein-sudendorf-schierloh.de\/wp-content\/uploads\/2023\/05\/SUSCHI-06-2023-1-Jugendschiesssportwoche-Mueschen-1-2048x1536.jpg 2048w, https:\/\/schuetzenverein-sudendorf-schierloh.de\/wp-content\/uploads\/2023\/05\/SUSCHI-06-2023-1-Jugendschiesssportwoche-Mueschen-1-360x270.jpg 360w\" sizes=\"auto, (max-width: 1024px) 100vw, 1024px\" \/><\/figure>\n","protected":false},"excerpt":{"rendered":"<p>Nach einer durch die Pandemie bedingten dreij\u00e4hrigen Pause, hatte der BSV M\u00fcschen f\u00fcr die letzte April und erste Maiwoche zu einem Jugenpokalschie\u00dfen eingeladen. Zu dieser Schie\u00dfsportwoche waren die Sch\u00fcler-, Jugend- [&hellip;]<\/p>\n","protected":false},"author":3,"featured_media":418,"comment_status":"closed","ping_status":"closed","sticky":false,"template":"","format":"standard","meta":{"ocean_post_layout":"","ocean_both_sidebars_style":"","ocean_both_sidebars_content_width":0,"ocean_both_sidebars_sidebars_width":0,"ocean_sidebar":"","ocean_second_sidebar":"","ocean_disable_margins":"enable","ocean_add_body_class":"","ocean_shortcode_before_top_bar":"","ocean_shortcode_after_top_bar":"","ocean_shortcode_before_header":"","ocean_shortcode_after_header":"","ocean_has_shortcode":"","ocean_shortcode_after_title":"","ocean_shortcode_before_footer_widgets":"","ocean_shortcode_after_footer_widgets":"","ocean_shortcode_before_footer_bottom":"","ocean_shortcode_after_footer_bottom":"","ocean_display_top_bar":"default","ocean_display_header":"default","ocean_header_style":"","ocean_center_header_left_menu":"","ocean_custom_header_template":"","ocean_custom_logo":0,"ocean_custom_retina_logo":0,"ocean_custom_logo_max_width":0,"ocean_custom_logo_tablet_max_width":0,"ocean_custom_logo_mobile_max_width":0,"ocean_custom_logo_max_height":0,"ocean_custom_logo_tablet_max_height":0,"ocean_custom_logo_mobile_max_height":0,"ocean_header_custom_menu":"","ocean_menu_typo_font_family":"","ocean_menu_typo_font_subset":"","ocean_menu_typo_font_size":0,"ocean_menu_typo_font_size_tablet":0,"ocean_menu_typo_font_size_mobile":0,"ocean_menu_typo_font_size_unit":"px","ocean_menu_typo_font_weight":"","ocean_menu_typo_font_weight_tablet":"","ocean_menu_typo_font_weight_mobile":"","ocean_menu_typo_transform":"","ocean_menu_typo_transform_tablet":"","ocean_menu_typo_transform_mobile":"","ocean_menu_typo_line_height":0,"ocean_menu_typo_line_height_tablet":0,"ocean_menu_typo_line_height_mobile":0,"ocean_menu_typo_line_height_unit":"","ocean_menu_typo_spacing":0,"ocean_menu_typo_spacing_tablet":0,"ocean_menu_typo_spacing_mobile":0,"ocean_menu_typo_spacing_unit":"","ocean_menu_link_color":"","ocean_menu_link_color_hover":"","ocean_menu_link_color_active":"","ocean_menu_link_background":"","ocean_menu_link_hover_background":"","ocean_menu_link_active_background":"","ocean_menu_social_links_bg":"","ocean_menu_social_hover_links_bg":"","ocean_menu_social_links_color":"","ocean_menu_social_hover_links_color":"","ocean_disable_title":"default","ocean_disable_heading":"default","ocean_post_title":"","ocean_post_subheading":"","ocean_post_title_style":"","ocean_post_title_background_color":"","ocean_post_title_background":0,"ocean_post_title_bg_image_position":"","ocean_post_title_bg_image_attachment":"","ocean_post_title_bg_image_repeat":"","ocean_post_title_bg_image_size":"","ocean_post_title_height":0,"ocean_post_title_bg_overlay":0.5,"ocean_post_title_bg_overlay_color":"","ocean_disable_breadcrumbs":"default","ocean_breadcrumbs_color":"","ocean_breadcrumbs_separator_color":"","ocean_breadcrumbs_links_color":"","ocean_breadcrumbs_links_hover_color":"","ocean_display_footer_widgets":"default","ocean_display_footer_bottom":"default","ocean_custom_footer_template":"","ocean_post_oembed":"","ocean_post_self_hosted_media":"","ocean_post_video_embed":"","ocean_link_format":"","ocean_link_format_target":"self","ocean_quote_format":"","ocean_quote_format_link":"post","ocean_gallery_link_images":"on","ocean_gallery_id":[],"footnotes":""},"categories":[42,14],"tags":[16],"class_list":["post-514","post","type-post","status-publish","format-standard","has-post-thumbnail","hentry","category-42","category-schiessgruppe","tag-schiessgruppe","entry","has-media"],"_links":{"self":[{"href":"https:\/\/schuetzenverein-sudendorf-schierloh.de\/index.php?rest_route=\/wp\/v2\/posts\/514","targetHints":{"allow":["GET"]}}],"collection":[{"href":"https:\/\/schuetzenverein-sudendorf-schierloh.de\/index.php?rest_route=\/wp\/v2\/posts"}],"about":[{"href":"https:\/\/schuetzenverein-sudendorf-schierloh.de\/index.php?rest_route=\/wp\/v2\/types\/post"}],"author":[{"embeddable":true,"href":"https:\/\/schuetzenverein-sudendorf-schierloh.de\/index.php?rest_route=\/wp\/v2\/users\/3"}],"replies":[{"embeddable":true,"href":"https:\/\/schuetzenverein-sudendorf-schierloh.de\/index.php?rest_route=%2Fwp%2Fv2%2Fcomments&post=514"}],"version-history":[{"count":2,"href":"https:\/\/schuetzenverein-sudendorf-schierloh.de\/index.php?rest_route=\/wp\/v2\/posts\/514\/revisions"}],"predecessor-version":[{"id":518,"href":"https:\/\/schuetzenverein-sudendorf-schierloh.de\/index.php?rest_route=\/wp\/v2\/posts\/514\/revisions\/518"}],"wp:featuredmedia":[{"embeddable":true,"href":"https:\/\/schuetzenverein-sudendorf-schierloh.de\/index.php?rest_route=\/wp\/v2\/media\/418"}],"wp:attachment":[{"href":"https:\/\/schuetzenverein-sudendorf-schierloh.de\/index.php?rest_route=%2Fwp%2Fv2%2Fmedia&parent=514"}],"wp:term":[{"taxonomy":"category","embeddable":true,"href":"https:\/\/schuetzenverein-sudendorf-schierloh.de\/index.php?rest_route=%2Fwp%2Fv2%2Fcategories&post=514"},{"taxonomy":"post_tag","embeddable":true,"href":"https:\/\/schuetzenverein-sudendorf-schierloh.de\/index.php?rest_route=%2Fwp%2Fv2%2Ftags&post=514"}],"curies":[{"name":"wp","href":"https:\/\/api.w.org\/{rel}","templated":true}]}}