{"id":59,"date":"2018-06-22T20:00:22","date_gmt":"2018-06-22T20:00:22","guid":{"rendered":"http:\/\/schuetzenverein-sudendorf-schierloh.de\/?p=59"},"modified":"2019-02-08T12:00:47","modified_gmt":"2019-02-08T12:00:47","slug":"schuetzenfest-2018","status":"publish","type":"post","link":"https:\/\/schuetzenverein-sudendorf-schierloh.de\/?p=59","title":{"rendered":"Sch\u00fctzenfest 2018"},"content":{"rendered":"\n<h3 class=\"wp-block-heading\">Summerparty am 22. Juni 2018<\/h3>\n\n\n\n<figure class=\"wp-block-image\"><img loading=\"lazy\" decoding=\"async\" width=\"1024\" height=\"768\" src=\"https:\/\/schuetzenverein-sudendorf-schierloh.de\/wp-content\/uploads\/2019\/02\/P1250653-1024x768.jpg\" alt=\"\" class=\"wp-image-60\" srcset=\"https:\/\/schuetzenverein-sudendorf-schierloh.de\/wp-content\/uploads\/2019\/02\/P1250653-1024x768.jpg 1024w, https:\/\/schuetzenverein-sudendorf-schierloh.de\/wp-content\/uploads\/2019\/02\/P1250653-300x225.jpg 300w, https:\/\/schuetzenverein-sudendorf-schierloh.de\/wp-content\/uploads\/2019\/02\/P1250653-768x576.jpg 768w, https:\/\/schuetzenverein-sudendorf-schierloh.de\/wp-content\/uploads\/2019\/02\/P1250653-360x270.jpg 360w\" sizes=\"auto, (max-width: 1024px) 100vw, 1024px\" \/><\/figure>\n\n\n\n<p> DJ Marko sorgte f\u00fcr gute Stimmung bis in die fr\u00fchen Morgenstunden. <\/p>\n\n\n\n<h3 class=\"wp-block-heading\">Sch\u00fctzenmesse, Proklamation und K\u00f6nigsball am 23. Juni 2018<br><\/h3>\n\n\n\n<p>Der Festtag begann traditionell mit der Messe im Sch\u00fctzenzelt um 18:00 Uhr. Diese wurde erstmals vom neuen Pastor, Herrn Stephan H\u00f6hne, gehalten. Einen besonderen Gru\u00df richtete Pr\u00e4sident Rainer Toppheide in seiner Festrede an das K\u00f6nigspaar, Patrick I. Huchel und Annika G\u00f6derz mit ihrem gesamten Hofstaat. Weiterhin begr\u00fc\u00dfte er den Ehrenpr\u00e4sidenten Karl Papenbrock, den Ehrenvorsitzenden Willi Eggert sowie den Ehrenschatzmeister Werner Schmidt. Der Begr\u00fc\u00dfungsschluck wurde durch die neuen Festwirte Ludger und Matthias Laumann eingeschenkt. Rainer Toppheide bedankte sich bei Pastor H\u00f6hne und allen Mitwirkenden des Gottesdienstes und \u00fcberreicht ihm in traditioneller Art zum Dank das Altargesteck. <br>Besonders bedankte sich der Pr\u00e4sident auch bei dem Sch\u00fctzenthron des vergangen Jahres, die zum guten Schluss den Zelteingang so sch\u00f6n geschm\u00fcckt und die Sch\u00fctzenkrone im Zelt so sch\u00f6n gekr\u00e4nzt haben.<\/p>\n\n\n\n<figure class=\"wp-block-image\"><img loading=\"lazy\" decoding=\"async\" width=\"1024\" height=\"768\" src=\"https:\/\/schuetzenverein-sudendorf-schierloh.de\/wp-content\/uploads\/2019\/02\/P1250899-1024x768.jpg\" alt=\"\" class=\"wp-image-61\" srcset=\"https:\/\/schuetzenverein-sudendorf-schierloh.de\/wp-content\/uploads\/2019\/02\/P1250899-1024x768.jpg 1024w, https:\/\/schuetzenverein-sudendorf-schierloh.de\/wp-content\/uploads\/2019\/02\/P1250899-300x225.jpg 300w, https:\/\/schuetzenverein-sudendorf-schierloh.de\/wp-content\/uploads\/2019\/02\/P1250899-768x576.jpg 768w, https:\/\/schuetzenverein-sudendorf-schierloh.de\/wp-content\/uploads\/2019\/02\/P1250899-360x270.jpg 360w\" sizes=\"auto, (max-width: 1024px) 100vw, 1024px\" \/><figcaption> Geschenk von den Sch\u00fctzenm\u00e4dels an K\u00f6nig Manfred I. Er sponserte ihre T-Shirts. <\/figcaption><\/figure>\n\n\n\n<h3 class=\"wp-block-heading\"> K\u00f6nigsthron 2018<\/h3>\n\n\n\n<figure class=\"wp-block-image\"><img loading=\"lazy\" decoding=\"async\" width=\"1024\" height=\"768\" src=\"https:\/\/schuetzenverein-sudendorf-schierloh.de\/wp-content\/uploads\/2019\/02\/P1260068-1024x768.jpg\" alt=\"\" class=\"wp-image-62\" srcset=\"https:\/\/schuetzenverein-sudendorf-schierloh.de\/wp-content\/uploads\/2019\/02\/P1260068-1024x768.jpg 1024w, https:\/\/schuetzenverein-sudendorf-schierloh.de\/wp-content\/uploads\/2019\/02\/P1260068-300x225.jpg 300w, https:\/\/schuetzenverein-sudendorf-schierloh.de\/wp-content\/uploads\/2019\/02\/P1260068-768x576.jpg 768w, https:\/\/schuetzenverein-sudendorf-schierloh.de\/wp-content\/uploads\/2019\/02\/P1260068-360x270.jpg 360w\" sizes=\"auto, (max-width: 1024px) 100vw, 1024px\" \/><\/figure>\n\n\n\n<h3 class=\"wp-block-heading\">Jubilare 2018<\/h3>\n\n\n\n<p>25-j\u00e4hrige Mitgliedschaft<\/p>\n\n\n\n<ul class=\"wp-block-list\"><li>Heiner Brandes<\/li><li>Michael Dingwerth<\/li><li>Thomas Farwick<\/li><li>Christian H\u00e4lker<\/li><li>Stefan Herbermann<\/li><li>Arie Mulckhuyse<\/li><li>Walter Mulckhuyse<\/li><li>Heinrich Schl\u00fcter<\/li><li>Heiner Stapel<\/li><li>Karl-Heinz W\u00f6rdemann<\/li><li>Dieter Steinig<\/li><\/ul>\n\n\n\n<figure class=\"wp-block-image\"><img loading=\"lazy\" decoding=\"async\" width=\"1024\" height=\"768\" src=\"https:\/\/schuetzenverein-sudendorf-schierloh.de\/wp-content\/uploads\/2019\/02\/P1260174-1024x768.jpg\" alt=\"\" class=\"wp-image-65\" srcset=\"https:\/\/schuetzenverein-sudendorf-schierloh.de\/wp-content\/uploads\/2019\/02\/P1260174-1024x768.jpg 1024w, https:\/\/schuetzenverein-sudendorf-schierloh.de\/wp-content\/uploads\/2019\/02\/P1260174-300x225.jpg 300w, https:\/\/schuetzenverein-sudendorf-schierloh.de\/wp-content\/uploads\/2019\/02\/P1260174-768x576.jpg 768w, https:\/\/schuetzenverein-sudendorf-schierloh.de\/wp-content\/uploads\/2019\/02\/P1260174-360x270.jpg 360w\" sizes=\"auto, (max-width: 1024px) 100vw, 1024px\" \/><\/figure>\n\n\n\n<p>40-j\u00e4hrige Mitgliedschaft<\/p>\n\n\n\n<ul class=\"wp-block-list\"><li>Horst Henneke<\/li><li>Leo Himker<\/li><li>Claus Horns<\/li><li>Helmut W\u00e4chter<\/li><li>Erwin Triebs<\/li><\/ul>\n\n\n\n<p>50-j\u00e4hrige Mitgliedschaft<\/p>\n\n\n\n<ul class=\"wp-block-list\"><li>Aloys H\u00e4lker<\/li><li>Franz J\u00fcrgens<\/li><li>Franz-Josef Metker<\/li><li>Josef Speckmann<\/li><li>Herbert Stapel<\/li><li>Willi W\u00e4chter<\/li><\/ul>\n\n\n\n<figure class=\"wp-block-image\"><img loading=\"lazy\" decoding=\"async\" width=\"1024\" height=\"768\" src=\"https:\/\/schuetzenverein-sudendorf-schierloh.de\/wp-content\/uploads\/2019\/02\/P1250810-1024x768.jpg\" alt=\"\" class=\"wp-image-66\" srcset=\"https:\/\/schuetzenverein-sudendorf-schierloh.de\/wp-content\/uploads\/2019\/02\/P1250810-1024x768.jpg 1024w, https:\/\/schuetzenverein-sudendorf-schierloh.de\/wp-content\/uploads\/2019\/02\/P1250810-300x225.jpg 300w, https:\/\/schuetzenverein-sudendorf-schierloh.de\/wp-content\/uploads\/2019\/02\/P1250810-768x576.jpg 768w, https:\/\/schuetzenverein-sudendorf-schierloh.de\/wp-content\/uploads\/2019\/02\/P1250810-360x270.jpg 360w\" sizes=\"auto, (max-width: 1024px) 100vw, 1024px\" \/><\/figure>\n\n\n\n<p> 60-j\u00e4hrige Mitgliedschaft<\/p>\n\n\n\n<ul class=\"wp-block-list\"><li> Franz Dingwerth<\/li><li>Ehrenpr\u00e4sident Karl Papenbrock<\/li><\/ul>\n\n\n\n<figure class=\"wp-block-image\"><img loading=\"lazy\" decoding=\"async\" width=\"1024\" height=\"768\" src=\"https:\/\/schuetzenverein-sudendorf-schierloh.de\/wp-content\/uploads\/2019\/02\/P1250816-1024x768.jpg\" alt=\"\" class=\"wp-image-64\" srcset=\"https:\/\/schuetzenverein-sudendorf-schierloh.de\/wp-content\/uploads\/2019\/02\/P1250816-1024x768.jpg 1024w, https:\/\/schuetzenverein-sudendorf-schierloh.de\/wp-content\/uploads\/2019\/02\/P1250816-300x225.jpg 300w, https:\/\/schuetzenverein-sudendorf-schierloh.de\/wp-content\/uploads\/2019\/02\/P1250816-768x576.jpg 768w, https:\/\/schuetzenverein-sudendorf-schierloh.de\/wp-content\/uploads\/2019\/02\/P1250816-360x270.jpg 360w\" sizes=\"auto, (max-width: 1024px) 100vw, 1024px\" \/><\/figure>\n\n\n\n<h3 class=\"wp-block-heading\"> Ergebnisse der Vereinsmeisterschaft 2018<\/h3>\n\n\n\n<p>Sch\u00fctzenklasse<\/p>\n\n\n\n<table class=\"wp-block-table\"><tbody><tr><td> Neuer Vereinsmeister : <\/td><td> Frank Inkrot <\/td><td>  103,1 Ring <\/td><\/tr><tr><td> 2. Platz:   <\/td><td> Stephan Grosse Brockmann <\/td><td> 102,2 Ring <\/td><\/tr><tr><td> 3. Platz:  <\/td><td> Christian K\u00fcnne <\/td><td>  97,9 Ring  <\/td><\/tr><\/tbody><\/table>\n\n\n\n<p>Altersklasse<\/p>\n\n\n\n<table class=\"wp-block-table\"><tbody><tr><td> Neuer Vereinsmeister: <\/td><td> Ewald Gro\u00dfe-Kracht <\/td><td>  97,1 Ring <\/td><\/tr><tr><td>2. Platz: <\/td><td> Mathias Dreimann <\/td><td> 93,5 Ring <\/td><\/tr><tr><td> 3. Platz: <\/td><td> Rudolf Ziegert   <\/td><td> 93,5 Ring <\/td><\/tr><\/tbody><\/table>\n\n\n\n<p>Jugendklasse        <\/p>\n\n\n\n<table class=\"wp-block-table\"><tbody><tr><td> Neue Vereinsmeisterin: <\/td><td> Lina Hagedorn  <\/td><td> 73 Ring <\/td><\/tr><tr><td> 2. Platz:   <\/td><td>  Antonia Wiebusch <\/td><td> 64 Ring <\/td><\/tr><tr><td> 3. Platz:  <\/td><td> Vinzenz Puke <\/td><td> 40 Ring <\/td><\/tr><\/tbody><\/table>\n\n\n\n<p> Sch\u00fclerklasse                                        <\/p>\n\n\n\n<table class=\"wp-block-table\"><tbody><tr><td> Neue Vereinsmeisterin:  <\/td><td> Henrieke Riese <\/td><td> 97 Ring <\/td><\/tr><tr><td> 2. Platz: <\/td><td> Sophia Puke <\/td><td> 95 Ring <\/td><\/tr><tr><td> 3. Platz: <\/td><td> Britta Wiebusch <\/td><td> 94 Ring <\/td><\/tr><\/tbody><\/table>\n\n\n\n<h3 class=\"wp-block-heading\">Festumzug am 24. Juni 2018 <\/h3>\n\n\n\n<p>Pr\u00e4sident Rainer Toppheide begr\u00fc\u00dfte zu Beginn seiner Festansprache alle anwesenden Sch\u00fctzenschwestern, Sch\u00fctzenbr\u00fcder, den Sch\u00fctzenk\u00f6nig Manfred I und ihre k\u00f6nigliche Hoheit Anne I. Wesler samt ihrem Hofstaat. Zudem hie\u00df er den Ortsvorsteher von Schierloh, Herrn Reinhold Hothnaier sowie den Ortsb\u00fcrgermeister von Sudendorf, Herrn Rudolf Ziegert und alle anwesenden Vertreter der kirchlichen und politischen Gemeinde willkommen.<br>Besonders begr\u00fc\u00dfte der Pr\u00e4sident auch den Oberst, Willi W\u00e4chter, der in diesem Jahr schon 50 Jahre im Sch\u00fctzenverein ist und seit 1980 als Oberst zu Pferde in seinem Ehrenamt t\u00e4tig ist. Im Vorstand ist er bereits 30 Jahre vertreten und immer tatkr\u00e4ftig dabei. <\/p>\n\n\n\n<blockquote class=\"wp-block-quote is-layout-flow wp-block-quote-is-layout-flow\"><p> &#8222;Das ist ein Mann der das Ehrenamt sch\u00e4tzt und er hat zu Recht einen  besonderen Dank verdient und mit Hochachtung m\u00f6chte ich dich, lieber  Willi auszeichnen, mit dem Orden f\u00fcr besondere Verdienste in Gold &#8222;<\/p><cite>so Pr\u00e4sident Rainer Toppheide.<\/cite><\/blockquote>\n\n\n\n<figure class=\"wp-block-image\"><img loading=\"lazy\" decoding=\"async\" width=\"1024\" height=\"768\" src=\"https:\/\/schuetzenverein-sudendorf-schierloh.de\/wp-content\/uploads\/2019\/02\/P1260136-1024x768.jpg\" alt=\"\" class=\"wp-image-63\" srcset=\"https:\/\/schuetzenverein-sudendorf-schierloh.de\/wp-content\/uploads\/2019\/02\/P1260136-1024x768.jpg 1024w, https:\/\/schuetzenverein-sudendorf-schierloh.de\/wp-content\/uploads\/2019\/02\/P1260136-300x225.jpg 300w, https:\/\/schuetzenverein-sudendorf-schierloh.de\/wp-content\/uploads\/2019\/02\/P1260136-768x576.jpg 768w, https:\/\/schuetzenverein-sudendorf-schierloh.de\/wp-content\/uploads\/2019\/02\/P1260136-360x270.jpg 360w\" sizes=\"auto, (max-width: 1024px) 100vw, 1024px\" \/><figcaption> v. l. n. r. : Anika Jakoblinnert, Willi W\u00e4chter <\/figcaption><\/figure>\n\n\n\n<p> Rainer Toppheide betonte anschlie\u00dfend die langj\u00e4hrige gute Freundschaft zum Sch\u00fctzenverein Glandorf, der traditionell am Festumzug teilnimmt. Der Festumzug wird bereits seit 1973 durch den Musikverein F\u00fcchtorf begleitet. In diesem Jahr waren sie somit zum 46. Mal dabei. Die zweite musikalische Truppe, die den Umzug begleitet, ist der Spielmannszug Glandorf-Schierloh. Sie toppen die Jahreszahl noch um 20 Jahre und sind seit 1953 dabei.<br> Zudem sprach er allen Helfern ein gro\u00dfes Dankesch\u00f6n aus: <\/p>\n\n\n\n<blockquote class=\"wp-block-quote is-layout-flow wp-block-quote-is-layout-flow\"><p> \u201eOhne Euch w\u00e4re das hier, alles nicht m\u00f6glich\u201c <\/p><\/blockquote>\n\n\n\n<p>Das Dankesch\u00f6n seitens des gesamten Sch\u00fctzenvereins erstreckte sich auch auf die Firmen, die den Verein mit Sach- und Geldspenden unterst\u00fctzen oder durch ihre Werbung den Versand des Festprogrammes mit der Tagespost erm\u00f6glichen. Ebenfalls dankte er den Firmen August Gr\u00fcndker sowie dem Sudendorfer Modehaus Biedendieck f\u00fcr die Zusage zur Nutzung des Parkplatzes zum Antreten vor dem Festumzug. <br> Abschlie\u00dfend rief er alle Sch\u00fctzenschwestern und Sch\u00fctzenbr\u00fcder dazu auf, den kleinen Traditionsverein aufrecht zu erhalten sich nicht von den vielen b\u00fcrokratischen H\u00fcrden  einsch\u00fcchtern zu lassen. Er w\u00fcnschte sich, dass alle Vereinsmitglieder weiterhin die Kraft und Ausdauer aufbringen, die f\u00fcr das Ehrenamt in den Sch\u00fctzenvereinen und f\u00fcr das Deutsche Sch\u00fctzenwesen gebraucht werden.<br> Er beschloss seine Rede mit dem Vereinsspruch, der sowohl das Sch\u00fctzenhaus als auch die Fahne des Vereines ziert: <\/p>\n\n\n\n<blockquote class=\"wp-block-quote is-layout-flow wp-block-quote-is-layout-flow\"><p>&#8222;Off Jung, off ault, off arm, off riek, Bie us, Do sind se olle glick.&#8220;<\/p><\/blockquote>\n","protected":false},"excerpt":{"rendered":"<p>Summerparty am 22. Juni 2018 DJ Marko sorgte f\u00fcr gute Stimmung bis in die fr\u00fchen Morgenstunden. Sch\u00fctzenmesse, Proklamation und K\u00f6nigsball am 23. Juni 2018 Der Festtag begann traditionell mit der [&hellip;]<\/p>\n","protected":false},"author":1,"featured_media":0,"comment_status":"open","ping_status":"closed","sticky":false,"template":"","format":"standard","meta":{"ocean_post_layout":"","ocean_both_sidebars_style":"","ocean_both_sidebars_content_width":0,"ocean_both_sidebars_sidebars_width":0,"ocean_sidebar":"","ocean_second_sidebar":"","ocean_disable_margins":"enable","ocean_add_body_class":"","ocean_shortcode_before_top_bar":"","ocean_shortcode_after_top_bar":"","ocean_shortcode_before_header":"","ocean_shortcode_after_header":"","ocean_has_shortcode":"","ocean_shortcode_after_title":"","ocean_shortcode_before_footer_widgets":"","ocean_shortcode_after_footer_widgets":"","ocean_shortcode_before_footer_bottom":"","ocean_shortcode_after_footer_bottom":"","ocean_display_top_bar":"default","ocean_display_header":"default","ocean_header_style":"","ocean_center_header_left_menu":"","ocean_custom_header_template":"","ocean_custom_logo":0,"ocean_custom_retina_logo":0,"ocean_custom_logo_max_width":0,"ocean_custom_logo_tablet_max_width":0,"ocean_custom_logo_mobile_max_width":0,"ocean_custom_logo_max_height":0,"ocean_custom_logo_tablet_max_height":0,"ocean_custom_logo_mobile_max_height":0,"ocean_header_custom_menu":"","ocean_menu_typo_font_family":"","ocean_menu_typo_font_subset":"","ocean_menu_typo_font_size":0,"ocean_menu_typo_font_size_tablet":0,"ocean_menu_typo_font_size_mobile":0,"ocean_menu_typo_font_size_unit":"px","ocean_menu_typo_font_weight":"","ocean_menu_typo_font_weight_tablet":"","ocean_menu_typo_font_weight_mobile":"","ocean_menu_typo_transform":"","ocean_menu_typo_transform_tablet":"","ocean_menu_typo_transform_mobile":"","ocean_menu_typo_line_height":0,"ocean_menu_typo_line_height_tablet":0,"ocean_menu_typo_line_height_mobile":0,"ocean_menu_typo_line_height_unit":"","ocean_menu_typo_spacing":0,"ocean_menu_typo_spacing_tablet":0,"ocean_menu_typo_spacing_mobile":0,"ocean_menu_typo_spacing_unit":"","ocean_menu_link_color":"","ocean_menu_link_color_hover":"","ocean_menu_link_color_active":"","ocean_menu_link_background":"","ocean_menu_link_hover_background":"","ocean_menu_link_active_background":"","ocean_menu_social_links_bg":"","ocean_menu_social_hover_links_bg":"","ocean_menu_social_links_color":"","ocean_menu_social_hover_links_color":"","ocean_disable_title":"default","ocean_disable_heading":"default","ocean_post_title":"","ocean_post_subheading":"","ocean_post_title_style":"","ocean_post_title_background_color":"","ocean_post_title_background":0,"ocean_post_title_bg_image_position":"","ocean_post_title_bg_image_attachment":"","ocean_post_title_bg_image_repeat":"","ocean_post_title_bg_image_size":"","ocean_post_title_height":0,"ocean_post_title_bg_overlay":0.5,"ocean_post_title_bg_overlay_color":"","ocean_disable_breadcrumbs":"default","ocean_breadcrumbs_color":"","ocean_breadcrumbs_separator_color":"","ocean_breadcrumbs_links_color":"","ocean_breadcrumbs_links_hover_color":"","ocean_display_footer_widgets":"default","ocean_display_footer_bottom":"default","ocean_custom_footer_template":"","ocean_post_oembed":"","ocean_post_self_hosted_media":"","ocean_post_video_embed":"","ocean_link_format":"","ocean_link_format_target":"self","ocean_quote_format":"","ocean_quote_format_link":"post","ocean_gallery_link_images":"on","ocean_gallery_id":[],"footnotes":""},"categories":[7,20],"tags":[3,29,30,28,21,27,25,26],"class_list":["post-59","post","type-post","status-publish","format-standard","hentry","category-7","category-schuetzenfest","tag-3","tag-jubilare","tag-koenigsball","tag-proklamation","tag-schuetzenfest","tag-schuetzenmesse","tag-sudendorf-schierloh","tag-summerparty","entry"],"_links":{"self":[{"href":"https:\/\/schuetzenverein-sudendorf-schierloh.de\/index.php?rest_route=\/wp\/v2\/posts\/59","targetHints":{"allow":["GET"]}}],"collection":[{"href":"https:\/\/schuetzenverein-sudendorf-schierloh.de\/index.php?rest_route=\/wp\/v2\/posts"}],"about":[{"href":"https:\/\/schuetzenverein-sudendorf-schierloh.de\/index.php?rest_route=\/wp\/v2\/types\/post"}],"author":[{"embeddable":true,"href":"https:\/\/schuetzenverein-sudendorf-schierloh.de\/index.php?rest_route=\/wp\/v2\/users\/1"}],"replies":[{"embeddable":true,"href":"https:\/\/schuetzenverein-sudendorf-schierloh.de\/index.php?rest_route=%2Fwp%2Fv2%2Fcomments&post=59"}],"version-history":[{"count":1,"href":"https:\/\/schuetzenverein-sudendorf-schierloh.de\/index.php?rest_route=\/wp\/v2\/posts\/59\/revisions"}],"predecessor-version":[{"id":67,"href":"https:\/\/schuetzenverein-sudendorf-schierloh.de\/index.php?rest_route=\/wp\/v2\/posts\/59\/revisions\/67"}],"wp:attachment":[{"href":"https:\/\/schuetzenverein-sudendorf-schierloh.de\/index.php?rest_route=%2Fwp%2Fv2%2Fmedia&parent=59"}],"wp:term":[{"taxonomy":"category","embeddable":true,"href":"https:\/\/schuetzenverein-sudendorf-schierloh.de\/index.php?rest_route=%2Fwp%2Fv2%2Fcategories&post=59"},{"taxonomy":"post_tag","embeddable":true,"href":"https:\/\/schuetzenverein-sudendorf-schierloh.de\/index.php?rest_route=%2Fwp%2Fv2%2Ftags&post=59"}],"curies":[{"name":"wp","href":"https:\/\/api.w.org\/{rel}","templated":true}]}}