{"id":766,"date":"2025-02-01T19:00:15","date_gmt":"2025-02-01T19:00:15","guid":{"rendered":"https:\/\/schuetzenverein-sudendorf-schierloh.de\/?p=766"},"modified":"2025-02-23T19:38:44","modified_gmt":"2025-02-23T19:38:44","slug":"generalversammlung-der-schiessgruppe","status":"publish","type":"post","link":"https:\/\/schuetzenverein-sudendorf-schierloh.de\/?p=766","title":{"rendered":"Generalversammlung der Schie\u00dfgruppe"},"content":{"rendered":"<div class=\"wp-block-post-date\"><time datetime=\"2025-02-01T19:00:15+01:00\">1. Februar 2025<\/time><\/div>\n\n\n<p>Die j\u00e4hrliche Generalversammlung fand am 1.Februar im Sch\u00fctzenhaus statt. Eingeladen waren alle aktiven Sch\u00fctzen, deren Eltern und alle Interessierten des Vereins.<\/p>\n\n\n\n<p>Stefan Koch er\u00f6ffnete die Versammlung vor einem vollen Haus und pr\u00e4sentierte sogleich die guten und sehr guten Leistungen unserer Sch\u00fctzen auf verschiedenen Turnieren und Meisterschaften. Er unterstrich, dass gerade die j\u00fcngeren Altersklassen bereits sehr gute Leistungen erbringen und gro\u00dfartige Fortschritte machen. Er bedauerte jedoch, dass die Ergebnisse der Kreismeisterschaften an dem Abend noch nicht vorlagen.<\/p>\n\n\n\n<p>Es folgte der Kassenbericht. Der Verein dankt in diesem Zusammenhang f\u00fcr die gro\u00dfz\u00fcgige Spende der Schie\u00dfgruppe. Das Geld wird f\u00fcr die Renovierung des Luftgewehrstandes eingesetzt.<\/p>\n\n\n\n<p>Bei den anschlie\u00dfenden Wahlen wurde Theresia Merten zur neuen Damensportleiterin gew\u00e4hlt. Alle anderen Aktiven wurden in ihren \u00c4mtern best\u00e4tigt.<\/p>\n\n\n\n<p>Am Ende der Versammlung standen die Siegerehrungen, bei der den Gewinnern der zahlreichen Klassen die Pokale und Wanderpokale sowie Ged\u00e4chtnispokale \u00fcbereicht wurden.<\/p>\n\n\n\n<p>Herzlichen Gl\u00fcckwunsch allen Sch\u00fctzen f\u00fcr die fantastischen Leistungen.<\/p>\n","protected":false},"excerpt":{"rendered":"<p>Die j\u00e4hrliche Generalversammlung fand am 1.Februar im Sch\u00fctzenhaus statt. Eingeladen waren alle aktiven Sch\u00fctzen, deren Eltern und alle Interessierten des Vereins. Stefan Koch er\u00f6ffnete die Versammlung vor einem vollen Haus [&hellip;]<\/p>\n","protected":false},"author":6,"featured_media":418,"comment_status":"open","ping_status":"closed","sticky":false,"template":"","format":"standard","meta":{"ocean_post_layout":"","ocean_both_sidebars_style":"","ocean_both_sidebars_content_width":0,"ocean_both_sidebars_sidebars_width":0,"ocean_sidebar":"","ocean_second_sidebar":"","ocean_disable_margins":"enable","ocean_add_body_class":"","ocean_shortcode_before_top_bar":"","ocean_shortcode_after_top_bar":"","ocean_shortcode_before_header":"","ocean_shortcode_after_header":"","ocean_has_shortcode":"","ocean_shortcode_after_title":"","ocean_shortcode_before_footer_widgets":"","ocean_shortcode_after_footer_widgets":"","ocean_shortcode_before_footer_bottom":"","ocean_shortcode_after_footer_bottom":"","ocean_display_top_bar":"default","ocean_display_header":"default","ocean_header_style":"","ocean_center_header_left_menu":"","ocean_custom_header_template":"","ocean_custom_logo":0,"ocean_custom_retina_logo":0,"ocean_custom_logo_max_width":0,"ocean_custom_logo_tablet_max_width":0,"ocean_custom_logo_mobile_max_width":0,"ocean_custom_logo_max_height":0,"ocean_custom_logo_tablet_max_height":0,"ocean_custom_logo_mobile_max_height":0,"ocean_header_custom_menu":"","ocean_menu_typo_font_family":"","ocean_menu_typo_font_subset":"","ocean_menu_typo_font_size":0,"ocean_menu_typo_font_size_tablet":0,"ocean_menu_typo_font_size_mobile":0,"ocean_menu_typo_font_size_unit":"px","ocean_menu_typo_font_weight":"","ocean_menu_typo_font_weight_tablet":"","ocean_menu_typo_font_weight_mobile":"","ocean_menu_typo_transform":"","ocean_menu_typo_transform_tablet":"","ocean_menu_typo_transform_mobile":"","ocean_menu_typo_line_height":0,"ocean_menu_typo_line_height_tablet":0,"ocean_menu_typo_line_height_mobile":0,"ocean_menu_typo_line_height_unit":"","ocean_menu_typo_spacing":0,"ocean_menu_typo_spacing_tablet":0,"ocean_menu_typo_spacing_mobile":0,"ocean_menu_typo_spacing_unit":"","ocean_menu_link_color":"","ocean_menu_link_color_hover":"","ocean_menu_link_color_active":"","ocean_menu_link_background":"","ocean_menu_link_hover_background":"","ocean_menu_link_active_background":"","ocean_menu_social_links_bg":"","ocean_menu_social_hover_links_bg":"","ocean_menu_social_links_color":"","ocean_menu_social_hover_links_color":"","ocean_disable_title":"default","ocean_disable_heading":"default","ocean_post_title":"","ocean_post_subheading":"","ocean_post_title_style":"","ocean_post_title_background_color":"","ocean_post_title_background":0,"ocean_post_title_bg_image_position":"","ocean_post_title_bg_image_attachment":"","ocean_post_title_bg_image_repeat":"","ocean_post_title_bg_image_size":"","ocean_post_title_height":0,"ocean_post_title_bg_overlay":0.5,"ocean_post_title_bg_overlay_color":"","ocean_disable_breadcrumbs":"default","ocean_breadcrumbs_color":"","ocean_breadcrumbs_separator_color":"","ocean_breadcrumbs_links_color":"","ocean_breadcrumbs_links_hover_color":"","ocean_display_footer_widgets":"default","ocean_display_footer_bottom":"default","ocean_custom_footer_template":"","ocean_post_oembed":"","ocean_post_self_hosted_media":"","ocean_post_video_embed":"","ocean_link_format":"","ocean_link_format_target":"self","ocean_quote_format":"","ocean_quote_format_link":"post","ocean_gallery_link_images":"on","ocean_gallery_id":[],"footnotes":""},"categories":[55,14],"tags":[16],"class_list":["post-766","post","type-post","status-publish","format-standard","has-post-thumbnail","hentry","category-55","category-schiessgruppe","tag-schiessgruppe","entry","has-media"],"_links":{"self":[{"href":"https:\/\/schuetzenverein-sudendorf-schierloh.de\/index.php?rest_route=\/wp\/v2\/posts\/766","targetHints":{"allow":["GET"]}}],"collection":[{"href":"https:\/\/schuetzenverein-sudendorf-schierloh.de\/index.php?rest_route=\/wp\/v2\/posts"}],"about":[{"href":"https:\/\/schuetzenverein-sudendorf-schierloh.de\/index.php?rest_route=\/wp\/v2\/types\/post"}],"author":[{"embeddable":true,"href":"https:\/\/schuetzenverein-sudendorf-schierloh.de\/index.php?rest_route=\/wp\/v2\/users\/6"}],"replies":[{"embeddable":true,"href":"https:\/\/schuetzenverein-sudendorf-schierloh.de\/index.php?rest_route=%2Fwp%2Fv2%2Fcomments&post=766"}],"version-history":[{"count":2,"href":"https:\/\/schuetzenverein-sudendorf-schierloh.de\/index.php?rest_route=\/wp\/v2\/posts\/766\/revisions"}],"predecessor-version":[{"id":818,"href":"https:\/\/schuetzenverein-sudendorf-schierloh.de\/index.php?rest_route=\/wp\/v2\/posts\/766\/revisions\/818"}],"wp:featuredmedia":[{"embeddable":true,"href":"https:\/\/schuetzenverein-sudendorf-schierloh.de\/index.php?rest_route=\/wp\/v2\/media\/418"}],"wp:attachment":[{"href":"https:\/\/schuetzenverein-sudendorf-schierloh.de\/index.php?rest_route=%2Fwp%2Fv2%2Fmedia&parent=766"}],"wp:term":[{"taxonomy":"category","embeddable":true,"href":"https:\/\/schuetzenverein-sudendorf-schierloh.de\/index.php?rest_route=%2Fwp%2Fv2%2Fcategories&post=766"},{"taxonomy":"post_tag","embeddable":true,"href":"https:\/\/schuetzenverein-sudendorf-schierloh.de\/index.php?rest_route=%2Fwp%2Fv2%2Ftags&post=766"}],"curies":[{"name":"wp","href":"https:\/\/api.w.org\/{rel}","templated":true}]}}