{"id":815,"date":"2024-06-30T20:00:00","date_gmt":"2024-06-30T20:00:00","guid":{"rendered":"https:\/\/schuetzenverein-sudendorf-schierloh.de\/?p=815"},"modified":"2025-02-23T21:59:06","modified_gmt":"2025-02-23T21:59:06","slug":"schuetzenfest-2024","status":"publish","type":"post","link":"https:\/\/schuetzenverein-sudendorf-schierloh.de\/?p=815","title":{"rendered":"Sch\u00fctzenfest 2024"},"content":{"rendered":"<div class=\"wp-block-post-date\"><time datetime=\"2024-06-30T20:00:00+02:00\">30. Juni 2024<\/time><\/div>\n\n\n<h2 class=\"wp-block-heading\">Die Damengarde feiert ihren 20. Geburtstag, die K\u00f6nigswache gibt alles und gemeinsam tragensie ihren neuen K\u00f6nig Ralf II in den Himmel hinein\u2026<\/h2>\n\n\n\n<p>Es ist ein kleines, aber sehr feines Sch\u00fctzenfest!\u201c Das waren die Worte unseres Festwirtes am Sonntagabend. Wenige Worte, die aber den Charme des sch\u00f6nsten Sch\u00fctzenfestes im gesamten Landkreis widerspiegeln. Eine Woche vorher: Bei bestem Wetter traten die Sch\u00fctzenbr\u00fcder und Sch\u00fctzenschwestern p\u00fcnktlich um 15.00 Uhr am Sch\u00fctzenplatz an. Unser Pr\u00e4sident Rainer Toppheide fand die passenden Worte zur Begr\u00fc\u00dfung. Allen war die Vorfreunde auf das anstehende Vogelschie\u00dfen und dem folgenden Sch\u00fctzenfest anzusehen. Der Schie\u00dfstand war vorbereitet und so ging das Ringen um die Pf\u00e4nder gut voran. Um 17.10 Uhr schoss Steffi Gro\u00dfe Brockmann den rechten Fl\u00fcgel ab. Somit war der Adler vollst\u00e4ndig gerupft und es ging im anschlie\u00dfenden spannenden Wettkampf zwischen Rudolf Ziegert, Antonius Recker und Ralf Antons um die K\u00f6nigsw\u00fcrde. Jedoch nur einer hatte das Gl\u00fcck den entscheidenden Schuss zu platzieren, um somit eine Familientradition weiter f\u00fchren zu k\u00f6nnen. Sein Schwiegervater Willy H\u00f6ing war vor 40 Jahren Sch\u00fctzenk\u00f6nig in Glandorf. Mit dem Schuss, um 18.07 Uhr konnte Ralf Antons den Rumpf zu Fall bringen und f\u00fchrt somit gemeinsam mit seiner Frau und K\u00f6nigin Anke den Verein als Sch\u00fctzenk\u00f6nig in das anstehende Jubil\u00e4umsjahr.<\/p>\n\n\n\n<figure class=\"wp-block-image size-large\"><img loading=\"lazy\" decoding=\"async\" width=\"1024\" height=\"682\" src=\"https:\/\/schuetzenverein-sudendorf-schierloh.de\/wp-content\/uploads\/2024\/06\/SUSCHI-Thron-1024x682.jpg\" alt=\"\" class=\"wp-image-821\" srcset=\"https:\/\/schuetzenverein-sudendorf-schierloh.de\/wp-content\/uploads\/2024\/06\/SUSCHI-Thron-1024x682.jpg 1024w, https:\/\/schuetzenverein-sudendorf-schierloh.de\/wp-content\/uploads\/2024\/06\/SUSCHI-Thron-300x200.jpg 300w, https:\/\/schuetzenverein-sudendorf-schierloh.de\/wp-content\/uploads\/2024\/06\/SUSCHI-Thron-768x512.jpg 768w, https:\/\/schuetzenverein-sudendorf-schierloh.de\/wp-content\/uploads\/2024\/06\/SUSCHI-Thron-1536x1024.jpg 1536w, https:\/\/schuetzenverein-sudendorf-schierloh.de\/wp-content\/uploads\/2024\/06\/SUSCHI-Thron-2048x1365.jpg 2048w, https:\/\/schuetzenverein-sudendorf-schierloh.de\/wp-content\/uploads\/2024\/06\/SUSCHI-Thron-405x270.jpg 405w\" sizes=\"auto, (max-width: 1024px) 100vw, 1024px\" \/><figcaption class=\"wp-element-caption\"><em>Der Thron: Sch\u00fctzenk\u00f6nig Ralf II. Antons, Sch\u00fctzenk\u00f6nigin Anke H\u00f6ing &#8211; Antons<br>Pers\u00f6nlicher Adjutant: Reinhard Lefken und Ehrendame Malene Rosenbusch &#8211; Lefken<br>Hofstaat: Hartmut Upmann und Irmgard Upmann, Cord Inkrot und Maria Lacomba Fernandez, Christian H\u00e4lker und Susanne F\u00fchrbaum, Michael Hagedorn und Tanja Breite, Hanni Tripke und Daniela K\u00f6ther<\/em><\/figcaption><\/figure>\n\n\n\n<p>\u201eWas haben wir ein Gl\u00fcck mit dem Wetter, das Gl\u00fcck haben wohl der Schornsteinfeger und die Schornsteinfegerin mitgebracht.\u201c Das waren die einladenden Worte des Pr\u00e4sidenten eine Woche sp\u00e4ter, am Sonntagmittag, dem Tag nach einem rauschenden Ballabend, dem K\u00f6nigsball. Die K\u00f6nigswache und die Damengarde hatten ihren K\u00f6nig p\u00fcnktlich abgeholt, sich zuvor mit Mettbr\u00f6tchen gest\u00e4rkt. Die Damengarden der Gastvereine hatten sich auf dem Hof Lefken versammelt und waren ebenfalls auf dem Paradeplatz angetreten. Zahlreiche G\u00e4ste und die befreundeten Sch\u00fctzenvereine gaben sich ein Stelldichein. Somit begr\u00fc\u00dfte Rainer Toppheide alle anwesenden G\u00e4ste, Sch\u00fctzenschwestern und auch die kleinsten Sch\u00fctzenbr\u00fcder zum 99. Sch\u00fctzenjahr. Sein Dank galt unter anderem unserem B\u00fcrgermeister Torsten Dimek f\u00fcr sein Engagement und die gute Zusammenarbeit mit dem BSV Sudendorf-Schierloh. Toppheide dankte ihm und seinem Team f\u00fcr die sehr gelungene Feier anl\u00e4sslich des 950-j\u00e4hrigen Jubil\u00e4ums unserer sch\u00f6nen Gemeinde Glandorf. <\/p>\n\n\n\n<div class=\"wp-block-media-text is-stacked-on-mobile\"><figure class=\"wp-block-media-text__media\"><img loading=\"lazy\" decoding=\"async\" width=\"1024\" height=\"810\" src=\"https:\/\/schuetzenverein-sudendorf-schierloh.de\/wp-content\/uploads\/2024\/06\/SUSCHI-Damengarde-1024x810.jpg\" alt=\"\" class=\"wp-image-822 size-full\" srcset=\"https:\/\/schuetzenverein-sudendorf-schierloh.de\/wp-content\/uploads\/2024\/06\/SUSCHI-Damengarde-1024x810.jpg 1024w, https:\/\/schuetzenverein-sudendorf-schierloh.de\/wp-content\/uploads\/2024\/06\/SUSCHI-Damengarde-300x237.jpg 300w, https:\/\/schuetzenverein-sudendorf-schierloh.de\/wp-content\/uploads\/2024\/06\/SUSCHI-Damengarde-768x607.jpg 768w, https:\/\/schuetzenverein-sudendorf-schierloh.de\/wp-content\/uploads\/2024\/06\/SUSCHI-Damengarde-1536x1215.jpg 1536w, https:\/\/schuetzenverein-sudendorf-schierloh.de\/wp-content\/uploads\/2024\/06\/SUSCHI-Damengarde-2048x1620.jpg 2048w, https:\/\/schuetzenverein-sudendorf-schierloh.de\/wp-content\/uploads\/2024\/06\/SUSCHI-Damengarde-341x270.jpg 341w\" sizes=\"auto, (max-width: 1024px) 100vw, 1024px\" \/><\/figure><div class=\"wp-block-media-text__content\">\n<p>Ein besonderer Gru\u00df ging an die Damengarde des Vereins, die an diesem Tag auf stolze 20 Jahre zur\u00fcckblicken konnte. Gemeinsam mit den befreundeten Damengarden aus Hardensetten-Winkelsetten, Glandorf, Schwege und Erpen-Timmern lieferten sich die M\u00e4dels einen spannenden Wettkampf auf einen exotischen und eher seltenen Vogel, um die Jubil\u00e4umsdamenk\u00f6nig auszuschie\u00dfen. <\/p>\n<\/div><\/div>\n\n\n\n<p>Begleitet von dem Musikverein F\u00fcchtorf, dem Spielmannszug Glandorf-Schierloh und dem Fanfarenzug Sassenberger Landsknechte, setzte sich der enorme Umzug mit fasst 900 Sch\u00fctzen und G\u00e4sten am fr\u00fchen Nachmittag auf dem Paradeplatzt am Sudendorfer Esch in Bewegung in Richtung Sch\u00fctzenplatz, um dort das Fest mit Kaffee und Kuchen, einer gro\u00dfartigen Tombola und dem ein oder anderen Kaltgetr\u00e4nk zu feiern. <\/p>\n\n\n\n<p>Unserer Sch\u00fctzenbruder Stephan hatte am Vorabend in der Sch\u00fctzenmesse anl\u00e4sslich des Festes von Peter und Paul von den Aposteln gepredigt. Das half, Petrus war uns mit seinem Wetter wohlgesonnen und bescherte somit einen fantastischen Sch\u00fctzenfestsonntag. Die \u201edeutsche Stunde\u201c am Montag rundete das gesamte Wochenende ab und h\u00e4lt die Vorfreude auf das anstehende Jubil\u00e4umsjahr. Das K\u00f6nigspaar und der gesamte Thron bedanken sich an dieser Stelle bei allen G\u00e4sten, Freunden und Nachbarn, der Damengarde und der K\u00f6nigswache f\u00fcr diese fantastischen zwei Wochen mit einem dreifachen, das komplette Thronjahr wiederschallendem<\/p>\n\n\n\n<p>Horrido<\/p>\n","protected":false},"excerpt":{"rendered":"<p>Die Damengarde feiert ihren 20. Geburtstag, die K\u00f6nigswache gibt alles und gemeinsam tragensie ihren neuen K\u00f6nig Ralf II in den Himmel hinein\u2026 Es ist ein kleines, aber sehr feines Sch\u00fctzenfest!\u201c [&hellip;]<\/p>\n","protected":false},"author":6,"featured_media":821,"comment_status":"open","ping_status":"closed","sticky":false,"template":"","format":"standard","meta":{"ocean_post_layout":"","ocean_both_sidebars_style":"","ocean_both_sidebars_content_width":0,"ocean_both_sidebars_sidebars_width":0,"ocean_sidebar":"","ocean_second_sidebar":"","ocean_disable_margins":"enable","ocean_add_body_class":"","ocean_shortcode_before_top_bar":"","ocean_shortcode_after_top_bar":"","ocean_shortcode_before_header":"","ocean_shortcode_after_header":"","ocean_has_shortcode":"","ocean_shortcode_after_title":"","ocean_shortcode_before_footer_widgets":"","ocean_shortcode_after_footer_widgets":"","ocean_shortcode_before_footer_bottom":"","ocean_shortcode_after_footer_bottom":"","ocean_display_top_bar":"default","ocean_display_header":"default","ocean_header_style":"","ocean_center_header_left_menu":"","ocean_custom_header_template":"","ocean_custom_logo":0,"ocean_custom_retina_logo":0,"ocean_custom_logo_max_width":0,"ocean_custom_logo_tablet_max_width":0,"ocean_custom_logo_mobile_max_width":0,"ocean_custom_logo_max_height":0,"ocean_custom_logo_tablet_max_height":0,"ocean_custom_logo_mobile_max_height":0,"ocean_header_custom_menu":"","ocean_menu_typo_font_family":"","ocean_menu_typo_font_subset":"","ocean_menu_typo_font_size":0,"ocean_menu_typo_font_size_tablet":0,"ocean_menu_typo_font_size_mobile":0,"ocean_menu_typo_font_size_unit":"px","ocean_menu_typo_font_weight":"","ocean_menu_typo_font_weight_tablet":"","ocean_menu_typo_font_weight_mobile":"","ocean_menu_typo_transform":"","ocean_menu_typo_transform_tablet":"","ocean_menu_typo_transform_mobile":"","ocean_menu_typo_line_height":0,"ocean_menu_typo_line_height_tablet":0,"ocean_menu_typo_line_height_mobile":0,"ocean_menu_typo_line_height_unit":"","ocean_menu_typo_spacing":0,"ocean_menu_typo_spacing_tablet":0,"ocean_menu_typo_spacing_mobile":0,"ocean_menu_typo_spacing_unit":"","ocean_menu_link_color":"","ocean_menu_link_color_hover":"","ocean_menu_link_color_active":"","ocean_menu_link_background":"","ocean_menu_link_hover_background":"","ocean_menu_link_active_background":"","ocean_menu_social_links_bg":"","ocean_menu_social_hover_links_bg":"","ocean_menu_social_links_color":"","ocean_menu_social_hover_links_color":"","ocean_disable_title":"default","ocean_disable_heading":"default","ocean_post_title":"","ocean_post_subheading":"","ocean_post_title_style":"","ocean_post_title_background_color":"","ocean_post_title_background":0,"ocean_post_title_bg_image_position":"","ocean_post_title_bg_image_attachment":"","ocean_post_title_bg_image_repeat":"","ocean_post_title_bg_image_size":"","ocean_post_title_height":0,"ocean_post_title_bg_overlay":0.5,"ocean_post_title_bg_overlay_color":"","ocean_disable_breadcrumbs":"default","ocean_breadcrumbs_color":"","ocean_breadcrumbs_separator_color":"","ocean_breadcrumbs_links_color":"","ocean_breadcrumbs_links_hover_color":"","ocean_display_footer_widgets":"default","ocean_display_footer_bottom":"default","ocean_custom_footer_template":"","ocean_post_oembed":"","ocean_post_self_hosted_media":"","ocean_post_video_embed":"","ocean_link_format":"","ocean_link_format_target":"self","ocean_quote_format":"","ocean_quote_format_link":"post","ocean_gallery_link_images":"on","ocean_gallery_id":[],"footnotes":""},"categories":[52,20],"tags":[28,21,36,25],"class_list":["post-815","post","type-post","status-publish","format-standard","has-post-thumbnail","hentry","category-52","category-schuetzenfest","tag-proklamation","tag-schuetzenfest","tag-schuetzenthron","tag-sudendorf-schierloh","entry","has-media"],"_links":{"self":[{"href":"https:\/\/schuetzenverein-sudendorf-schierloh.de\/index.php?rest_route=\/wp\/v2\/posts\/815","targetHints":{"allow":["GET"]}}],"collection":[{"href":"https:\/\/schuetzenverein-sudendorf-schierloh.de\/index.php?rest_route=\/wp\/v2\/posts"}],"about":[{"href":"https:\/\/schuetzenverein-sudendorf-schierloh.de\/index.php?rest_route=\/wp\/v2\/types\/post"}],"author":[{"embeddable":true,"href":"https:\/\/schuetzenverein-sudendorf-schierloh.de\/index.php?rest_route=\/wp\/v2\/users\/6"}],"replies":[{"embeddable":true,"href":"https:\/\/schuetzenverein-sudendorf-schierloh.de\/index.php?rest_route=%2Fwp%2Fv2%2Fcomments&post=815"}],"version-history":[{"count":4,"href":"https:\/\/schuetzenverein-sudendorf-schierloh.de\/index.php?rest_route=\/wp\/v2\/posts\/815\/revisions"}],"predecessor-version":[{"id":824,"href":"https:\/\/schuetzenverein-sudendorf-schierloh.de\/index.php?rest_route=\/wp\/v2\/posts\/815\/revisions\/824"}],"wp:featuredmedia":[{"embeddable":true,"href":"https:\/\/schuetzenverein-sudendorf-schierloh.de\/index.php?rest_route=\/wp\/v2\/media\/821"}],"wp:attachment":[{"href":"https:\/\/schuetzenverein-sudendorf-schierloh.de\/index.php?rest_route=%2Fwp%2Fv2%2Fmedia&parent=815"}],"wp:term":[{"taxonomy":"category","embeddable":true,"href":"https:\/\/schuetzenverein-sudendorf-schierloh.de\/index.php?rest_route=%2Fwp%2Fv2%2Fcategories&post=815"},{"taxonomy":"post_tag","embeddable":true,"href":"https:\/\/schuetzenverein-sudendorf-schierloh.de\/index.php?rest_route=%2Fwp%2Fv2%2Ftags&post=815"}],"curies":[{"name":"wp","href":"https:\/\/api.w.org\/{rel}","templated":true}]}}